{"id":8273,"date":"2026-09-01T07:00:00","date_gmt":"2026-09-01T07:00:00","guid":{"rendered":"https:\/\/mairie-montataire.fr\/?p=8273"},"modified":"2026-08-05T12:11:22","modified_gmt":"2026-08-05T12:11:22","slug":"2-ans-du-site-internet-votre-avis-compte","status":"publish","type":"post","link":"https:\/\/mairie-montataire.fr\/en\/actualites\/2-ans-du-site-internet-votre-avis-compte\/","title":{"rendered":"2 ans du site internet : votre avis compte !"},"content":{"rendered":"<p class=\"wp-block-paragraph\"><strong>2 ans du nouveau site internet de Montataire<\/strong><\/p>\n\n\n\n<p class=\"wp-block-paragraph\"><strong>Le site internet de Montataire f\u00eate d\u00e9j\u00e0 sa deuxi\u00e8me ann\u00e9e !<\/strong><\/p>\n\n\n\n<p class=\"wp-block-paragraph\">Il y a tout juste deux ans, la Ville de Montataire lan\u00e7ait son nouveau site internet, pens\u00e9 pour \u00eatre <strong>more modern, simpler and more accessible<\/strong>.<br>Ce projet a \u00e9t\u00e9 guid\u00e9 par des valeurs fortes : <strong>accessibility<\/strong>, <strong>eco-design<\/strong> and <strong>data protection<\/strong>.<\/p>\n\n\n\n<p class=\"wp-block-paragraph\">The result of collaborative work with residents - thanks in particular to a survey carried out in March 2023 - the site now meets your everyday needs:<\/p>\n\n\n\n<ul class=\"wp-block-list\">\n<li style=\"font-style:normal;font-weight:400\"><strong>Administrative procedures<\/strong> online, in just a few clicks<\/li>\n\n\n\n<li style=\"font-style:normal;font-weight:400\"><strong>Practical information<\/strong> School enrolments, activities at the R\u00e9sidence Autonome, CCAS services, etc.<\/li>\n\n\n\n<li style=\"font-style:normal;font-weight:400\"><strong>Agenda<\/strong> events and activities<\/li>\n\n\n\n<li style=\"font-style:normal;font-weight:400\"><strong>Interactive directory<\/strong> des associations, structures sportives et services municipaux<\/li>\n\n\n\n<li style=\"font-style:normal;font-weight:400\"><strong>Translation<\/strong> en arabe, allemand et anglais<\/li>\n<\/ul>\n\n\n\n<div style=\"height:31px\" aria-hidden=\"true\" class=\"wp-block-spacer\"><\/div>\n\n\n\n<div class=\"wp-block-uagb-call-to-action uagb-block-87ba6bca wp-block-button\"><div class=\"uagb-cta__wrap\"><h3 class=\"uagb-cta__title\"><mark style=\"background-color:rgba(0, 0, 0, 0)\" class=\"has-inline-color has-primary-900-color\"><strong>Deux ans apr\u00e8s, nous avons besoin de vos retours !<\/strong> <\/mark><\/h3><\/div><div class=\"uagb-cta__buttons\"><a href=\"https:\/\/forms.gle\/hp1hAJEcrpoLmUWh6\" class=\"uagb-cta__button-link-wrapper wp-block-button__link\" target=\"_blank\" rel=\"noopener noreferrer\">Have your say<svg xmlns=\"https:\/\/www.w3.org\/2000\/svg\" viewbox=\"0 0 512 512\"><path d=\"M504.3 273.6l-112.1 104c-6.992 6.484-17.18 8.218-25.94 4.406c-8.758-3.812-14.42-12.45-14.42-21.1L351.9 288H32C14.33 288 .0002 273.7 .0002 255.1S14.33 224 32 224h319.9l0-72c0-9.547 5.66-18.19 14.42-22c8.754-3.809 18.95-2.075 25.94 4.41l112.1 104C514.6 247.9 514.6 264.1 504.3 273.6z\"><\/path><\/svg><\/a><\/div><\/div>\n\n\n\n<p class=\"wp-block-paragraph\"><\/p>","protected":false},"excerpt":{"rendered":"<p>2 ans du nouveau site internet de Montataire Le site internet de Montataire f\u00eate d\u00e9j\u00e0 sa deuxi\u00e8me ann\u00e9e ! Il y a tout juste deux ans, la Ville de Montataire lan\u00e7ait son nouveau site internet, pens\u00e9 pour \u00eatre plus moderne, plus simple et plus accessible.Ce projet a \u00e9t\u00e9 guid\u00e9 par des valeurs fortes : accessibilit\u00e9, [&hellip;]<\/p>\n","protected":false},"author":2,"featured_media":8274,"comment_status":"closed","ping_status":"closed","sticky":false,"template":"","format":"standard","meta":{"_acf_changed":false,"_uag_custom_page_level_css":"","footnotes":""},"categories":[30],"tags":[],"class_list":["post-8273","post","type-post","status-publish","format-standard","has-post-thumbnail","hentry","category-a-la-une"],"acf":[],"uagb_featured_image_src":{"full":["https:\/\/mairie-montataire.fr\/app\/uploads\/2026\/08\/Actu_QuestionnaireSite.jpg",450,335,false],"thumbnail":["https:\/\/mairie-montataire.fr\/app\/uploads\/2026\/08\/Actu_QuestionnaireSite-150x150.jpg",150,150,true],"medium":["https:\/\/mairie-montataire.fr\/app\/uploads\/2026\/08\/Actu_QuestionnaireSite-300x223.jpg",300,223,true],"medium_large":["https:\/\/mairie-montataire.fr\/app\/uploads\/2026\/08\/Actu_QuestionnaireSite.jpg",450,335,false],"large":["https:\/\/mairie-montataire.fr\/app\/uploads\/2026\/08\/Actu_QuestionnaireSite.jpg",450,335,false],"1536x1536":["https:\/\/mairie-montataire.fr\/app\/uploads\/2026\/08\/Actu_QuestionnaireSite.jpg",450,335,false],"2048x2048":["https:\/\/mairie-montataire.fr\/app\/uploads\/2026\/08\/Actu_QuestionnaireSite.jpg",450,335,false],"trp-custom-language-flag":["https:\/\/mairie-montataire.fr\/app\/uploads\/2026\/08\/Actu_QuestionnaireSite-16x12.jpg",16,12,true],"gform-image-choice-sm":["https:\/\/mairie-montataire.fr\/app\/uploads\/2026\/08\/Actu_QuestionnaireSite.jpg",300,223,false],"gform-image-choice-md":["https:\/\/mairie-montataire.fr\/app\/uploads\/2026\/08\/Actu_QuestionnaireSite.jpg",400,298,false],"gform-image-choice-lg":["https:\/\/mairie-montataire.fr\/app\/uploads\/2026\/08\/Actu_QuestionnaireSite.jpg",450,335,false]},"uagb_author_info":{"display_name":"Laure Pubert","author_link":"https:\/\/mairie-montataire.fr\/en\/actualites\/author\/l-pubert\/"},"uagb_comment_info":0,"uagb_excerpt":"2 ans du nouveau site internet de Montataire Le site internet de Montataire f\u00eate d\u00e9j\u00e0 sa deuxi\u00e8me ann\u00e9e ! Il y a tout juste deux ans, la Ville de Montataire lan\u00e7ait son nouveau site internet, pens\u00e9 pour \u00eatre plus moderne, plus simple et plus accessible.Ce projet a \u00e9t\u00e9 guid\u00e9 par des valeurs fortes : accessibilit\u00e9,&hellip;","_links":{"self":[{"href":"https:\/\/mairie-montataire.fr\/en\/wp-json\/wp\/v2\/posts\/8273","targetHints":{"allow":["GET"]}}],"collection":[{"href":"https:\/\/mairie-montataire.fr\/en\/wp-json\/wp\/v2\/posts"}],"about":[{"href":"https:\/\/mairie-montataire.fr\/en\/wp-json\/wp\/v2\/types\/post"}],"author":[{"embeddable":true,"href":"https:\/\/mairie-montataire.fr\/en\/wp-json\/wp\/v2\/users\/2"}],"replies":[{"embeddable":true,"href":"https:\/\/mairie-montataire.fr\/en\/wp-json\/wp\/v2\/comments?post=8273"}],"version-history":[{"count":4,"href":"https:\/\/mairie-montataire.fr\/en\/wp-json\/wp\/v2\/posts\/8273\/revisions"}],"predecessor-version":[{"id":8278,"href":"https:\/\/mairie-montataire.fr\/en\/wp-json\/wp\/v2\/posts\/8273\/revisions\/8278"}],"wp:featuredmedia":[{"embeddable":true,"href":"https:\/\/mairie-montataire.fr\/en\/wp-json\/wp\/v2\/media\/8274"}],"wp:attachment":[{"href":"https:\/\/mairie-montataire.fr\/en\/wp-json\/wp\/v2\/media?parent=8273"}],"wp:term":[{"taxonomy":"category","embeddable":true,"href":"https:\/\/mairie-montataire.fr\/en\/wp-json\/wp\/v2\/categories?post=8273"},{"taxonomy":"post_tag","embeddable":true,"href":"https:\/\/mairie-montataire.fr\/en\/wp-json\/wp\/v2\/tags?post=8273"}],"curies":[{"name":"wp","href":"https:\/\/api.w.org\/{rel}","templated":true}]}}