{"id":7859,"date":"2026-04-24T09:46:13","date_gmt":"2026-04-24T09:46:13","guid":{"rendered":"https:\/\/mairie-montataire.fr\/?p=7859"},"modified":"2026-04-24T09:49:00","modified_gmt":"2026-04-24T09:49:00","slug":"eco-shepherding-for-new-residents-in-the-martinets-district","status":"publish","type":"post","link":"https:\/\/mairie-montataire.fr\/en\/actualites\/eco-paturage-de-nouvelles-habitantes-au-quartier-des-martinets\/","title":{"rendered":"Eco-pasturing: new residents in the Martinets district"},"content":{"rendered":"<p><strong>Since mid-April, the coul\u00e9e verte has been home to a new breed of sheep. Until next October<\/strong>, The three ewes live in a special enclosure where they naturally tend the lawn. Residents are free to come and visit them, but don't be surprised by their small size - they are adults and belong to the smallest species of sheep.&nbsp;<\/p>\n\n\n\n<div class=\"wp-block-uagb-image alignwide uagb-block-b64bc939 wp-block-uagb-image--layout-default wp-block-uagb-image--effect-static wp-block-uagb-image--align-wide\"><figure class=\"wp-block-uagb-image__figure\"><img decoding=\"async\" srcset=\"https:\/\/mairie-montataire.fr\/app\/uploads\/2026\/04\/2026-04-14-Eco-paturage-12-scaled-e1777023824839-1024x372.jpg ,https:\/\/mairie-montataire.fr\/app\/uploads\/2026\/04\/2026-04-14-Eco-paturage-12-scaled-e1777023824839.jpg 780w, https:\/\/mairie-montataire.fr\/app\/uploads\/2026\/04\/2026-04-14-Eco-paturage-12-scaled-e1777023824839.jpg 360w\" sizes=\"auto, (max-width: 480px) 150px\" src=\"https:\/\/mairie-montataire.fr\/app\/uploads\/2026\/04\/2026-04-14-Eco-paturage-12-scaled-e1777023824839-1024x372.jpg\" alt=\"\" class=\"uag-image-7867\" width=\"1024\" height=\"372\" title=\"2026-04-14 Eco grazing (12)\" loading=\"lazy\" role=\"img\"\/><\/figure><\/div>\n\n\n\n<h2 class=\"wp-block-heading\">What can we feed the sheep? <\/h2>\n\n\n\n<div class=\"wp-block-columns is-layout-flex wp-container-core-columns-is-layout-9d6595d7 wp-block-columns-is-layout-flex\">\n<div class=\"wp-block-column is-layout-flow wp-block-column-is-layout-flow\">\n<p>It's important to stress that ewes are fed, and it's vital not to give them bread or wheat-based feed, as these swell up in their stomachs and can lead to serious complications. <strong>Offer them fruit, vegetables or peelings instead.<\/strong><\/p>\n<\/div>\n\n\n\n<div class=\"wp-block-column is-layout-flow wp-block-column-is-layout-flow\">\n<div class=\"wp-block-uagb-image aligncenter uagb-block-1a90ff6b wp-block-uagb-image--layout-default wp-block-uagb-image--effect-static wp-block-uagb-image--align-center\"><figure class=\"wp-block-uagb-image__figure\"><img decoding=\"async\" srcset=\"https:\/\/mairie-montataire.fr\/app\/uploads\/2026\/04\/4-nourriture-1024x725.png ,https:\/\/mairie-montataire.fr\/app\/uploads\/2026\/04\/4-nourriture.png 780w, https:\/\/mairie-montataire.fr\/app\/uploads\/2026\/04\/4-nourriture.png 360w\" sizes=\"auto, (max-width: 480px) 150px\" src=\"https:\/\/mairie-montataire.fr\/app\/uploads\/2026\/04\/4-nourriture-1024x725.png\" alt=\"\" class=\"uag-image-7863\" width=\"1024\" height=\"725\" title=\"4-food\" loading=\"lazy\" role=\"img\"\/><\/figure><\/div>\n<\/div>\n<\/div>\n\n\n\n<h2 class=\"wp-block-heading\">Thanks to the association Le Pr\u00e9 des cit\u00e9s<\/h2>\n\n\n\n<p>This initiative has been made possible thanks to the participation of the Le Pr\u00e9 des cit\u00e9s association, which helps to create social links through eco-pastures. This initiative is part of the local authority's policy to improve the quality of life through living green spaces that are maintained in an eco-responsible way and encourage interaction and encounters. <\/p>\n\n\n\n<div class=\"wp-block-columns is-layout-flex wp-container-core-columns-is-layout-9d6595d7 wp-block-columns-is-layout-flex\">\n<div class=\"wp-block-column is-layout-flow wp-block-column-is-layout-flow\">\n<div class=\"wp-block-uagb-image aligncenter uagb-block-49233d55 wp-block-uagb-image--layout-default wp-block-uagb-image--effect-static wp-block-uagb-image--align-center\"><figure class=\"wp-block-uagb-image__figure\"><img decoding=\"async\" srcset=\"https:\/\/mairie-montataire.fr\/app\/uploads\/2026\/04\/5.vs3_-1024x725.png ,https:\/\/mairie-montataire.fr\/app\/uploads\/2026\/04\/5.vs3_.png 780w, https:\/\/mairie-montataire.fr\/app\/uploads\/2026\/04\/5.vs3_.png 360w\" sizes=\"auto, (max-width: 480px) 150px\" src=\"https:\/\/mairie-montataire.fr\/app\/uploads\/2026\/04\/5.vs3_-1024x725.png\" alt=\"\" class=\"uag-image-7864\" width=\"1024\" height=\"725\" title=\"5.vs3\" loading=\"lazy\" role=\"img\"\/><\/figure><\/div>\n<\/div>\n\n\n\n<div class=\"wp-block-column is-layout-flow wp-block-column-is-layout-flow\">\n<div class=\"wp-block-uagb-image uagb-block-c6d92dc0 wp-block-uagb-image--layout-default wp-block-uagb-image--effect-static wp-block-uagb-image--align-none\"><figure class=\"wp-block-uagb-image__figure\"><img decoding=\"async\" srcset=\"https:\/\/mairie-montataire.fr\/app\/uploads\/2026\/04\/14-lepredescites-1024x725.png ,https:\/\/mairie-montataire.fr\/app\/uploads\/2026\/04\/14-lepredescites.png 780w, https:\/\/mairie-montataire.fr\/app\/uploads\/2026\/04\/14-lepredescites.png 360w\" sizes=\"auto, (max-width: 480px) 150px\" src=\"https:\/\/mairie-montataire.fr\/app\/uploads\/2026\/04\/14-lepredescites-1024x725.png\" alt=\"\" class=\"uag-image-7860\" width=\"1024\" height=\"725\" title=\"14-lepredescites\" loading=\"lazy\" role=\"img\"\/><\/figure><\/div>\n<\/div>\n<\/div>\n\n\n<div class=\"highlight\">\n                <div class=\"highlight__description\"><p>In addition, events are planned to promote this new space on the following dates:<\/p>\n<ul>\n<li><strong>Wednesday 13 May<\/strong> at 2pm, for a workshop on making goat's cheese,<\/li>\n<li><strong>Wednesday 27 May<\/strong> at 2pm, for a workshop on animal footprints.<\/li>\n<\/ul>\n<\/div>\n    <\/div>\n\n\n<h2 class=\"wp-block-heading\">We need your help! <\/h2>\n\n\n\n<p>For this project to run smoothly, you need to have <strong>referents whose role is to act as a link between the neighbourhood and the association in charge of the animals<\/strong>. <\/p>\n\n\n\n<p>These volunteers will be able to contact and be contacted by Pr\u00e9 des cit\u00e9s to ensure the well-being of the ewes. <\/p>\n\n\n\n<div class=\"wp-block-columns is-layout-flex wp-container-core-columns-is-layout-9d6595d7 wp-block-columns-is-layout-flex\">\n<div class=\"wp-block-column is-layout-flow wp-block-column-is-layout-flow\">\n<p>If you would like to become one of these referrers, contact the Urban Policy Department or Le Pr\u00e9 des cit\u00e9s at <strong><a href=\"tel:0644965238\">06 44 96 52 38<\/a><\/strong>. This number is also the emergency number to contact if you notice a problem with the eco-pasture animals.<\/p>\n<\/div>\n\n\n\n<div class=\"wp-block-column is-layout-flow wp-block-column-is-layout-flow\">\n<div class=\"wp-block-uagb-image aligncenter uagb-block-bbd77c2f wp-block-uagb-image--layout-default wp-block-uagb-image--effect-static wp-block-uagb-image--align-center\"><figure class=\"wp-block-uagb-image__figure\"><img decoding=\"async\" srcset=\"https:\/\/mairie-montataire.fr\/app\/uploads\/2026\/04\/2.urgence-1024x725.png ,https:\/\/mairie-montataire.fr\/app\/uploads\/2026\/04\/2.urgence.png 780w, https:\/\/mairie-montataire.fr\/app\/uploads\/2026\/04\/2.urgence.png 360w\" sizes=\"auto, (max-width: 480px) 150px\" src=\"https:\/\/mairie-montataire.fr\/app\/uploads\/2026\/04\/2.urgence-1024x725.png\" alt=\"\" class=\"uag-image-7862\" width=\"1024\" height=\"725\" title=\"2.emergency\" loading=\"lazy\" role=\"img\"\/><\/figure><\/div>\n<\/div>\n<\/div>\n\n\n\n<p><\/p>","protected":false},"excerpt":{"rendered":"<p>La coul\u00e9e verte accueille de nouvelles t\u00eates depuis mi-avril&nbsp;: des brebis. Jusqu\u2019\u00e0 octobre prochain, trois brebis occupent un enclos am\u00e9nag\u00e9 pour elles dans lequel elles entretiennent naturellement le gazon. Libre aux habitant\u00b7e\u00b7s de venir leur rendre visite mais ne soyez pas surpris de leur petite taille, il s\u2019agit bien d\u2019adultes, appartenant \u00e0 la plus petite [&hellip;]<\/p>\n","protected":false},"author":2,"featured_media":7868,"comment_status":"closed","ping_status":"closed","sticky":false,"template":"","format":"standard","meta":{"_acf_changed":false,"_uag_custom_page_level_css":"","footnotes":""},"categories":[1],"tags":[],"class_list":["post-7859","post","type-post","status-publish","format-standard","has-post-thumbnail","hentry","category-information"],"acf":[],"uagb_featured_image_src":{"full":["https:\/\/mairie-montataire.fr\/app\/uploads\/2026\/04\/Actu_ecopaturage.jpg",450,335,false],"thumbnail":["https:\/\/mairie-montataire.fr\/app\/uploads\/2026\/04\/Actu_ecopaturage-150x150.jpg",150,150,true],"medium":["https:\/\/mairie-montataire.fr\/app\/uploads\/2026\/04\/Actu_ecopaturage-300x223.jpg",300,223,true],"medium_large":["https:\/\/mairie-montataire.fr\/app\/uploads\/2026\/04\/Actu_ecopaturage.jpg",450,335,false],"large":["https:\/\/mairie-montataire.fr\/app\/uploads\/2026\/04\/Actu_ecopaturage.jpg",450,335,false],"1536x1536":["https:\/\/mairie-montataire.fr\/app\/uploads\/2026\/04\/Actu_ecopaturage.jpg",450,335,false],"2048x2048":["https:\/\/mairie-montataire.fr\/app\/uploads\/2026\/04\/Actu_ecopaturage.jpg",450,335,false],"trp-custom-language-flag":["https:\/\/mairie-montataire.fr\/app\/uploads\/2026\/04\/Actu_ecopaturage-16x12.jpg",16,12,true],"gform-image-choice-sm":["https:\/\/mairie-montataire.fr\/app\/uploads\/2026\/04\/Actu_ecopaturage.jpg",300,223,false],"gform-image-choice-md":["https:\/\/mairie-montataire.fr\/app\/uploads\/2026\/04\/Actu_ecopaturage.jpg",400,298,false],"gform-image-choice-lg":["https:\/\/mairie-montataire.fr\/app\/uploads\/2026\/04\/Actu_ecopaturage.jpg",450,335,false]},"uagb_author_info":{"display_name":"Laure Pubert","author_link":"https:\/\/mairie-montataire.fr\/en\/actualites\/author\/l-pubert\/"},"uagb_comment_info":0,"uagb_excerpt":"La coul\u00e9e verte accueille de nouvelles t\u00eates depuis mi-avril&nbsp;: des brebis. Jusqu\u2019\u00e0 octobre prochain, trois brebis occupent un enclos am\u00e9nag\u00e9 pour elles dans lequel elles entretiennent naturellement le gazon. Libre aux habitant\u00b7e\u00b7s de venir leur rendre visite mais ne soyez pas surpris de leur petite taille, il s\u2019agit bien d\u2019adultes, appartenant \u00e0 la plus petite&hellip;","_links":{"self":[{"href":"https:\/\/mairie-montataire.fr\/en\/wp-json\/wp\/v2\/posts\/7859","targetHints":{"allow":["GET"]}}],"collection":[{"href":"https:\/\/mairie-montataire.fr\/en\/wp-json\/wp\/v2\/posts"}],"about":[{"href":"https:\/\/mairie-montataire.fr\/en\/wp-json\/wp\/v2\/types\/post"}],"author":[{"embeddable":true,"href":"https:\/\/mairie-montataire.fr\/en\/wp-json\/wp\/v2\/users\/2"}],"replies":[{"embeddable":true,"href":"https:\/\/mairie-montataire.fr\/en\/wp-json\/wp\/v2\/comments?post=7859"}],"version-history":[{"count":5,"href":"https:\/\/mairie-montataire.fr\/en\/wp-json\/wp\/v2\/posts\/7859\/revisions"}],"predecessor-version":[{"id":7874,"href":"https:\/\/mairie-montataire.fr\/en\/wp-json\/wp\/v2\/posts\/7859\/revisions\/7874"}],"wp:featuredmedia":[{"embeddable":true,"href":"https:\/\/mairie-montataire.fr\/en\/wp-json\/wp\/v2\/media\/7868"}],"wp:attachment":[{"href":"https:\/\/mairie-montataire.fr\/en\/wp-json\/wp\/v2\/media?parent=7859"}],"wp:term":[{"taxonomy":"category","embeddable":true,"href":"https:\/\/mairie-montataire.fr\/en\/wp-json\/wp\/v2\/categories?post=7859"},{"taxonomy":"post_tag","embeddable":true,"href":"https:\/\/mairie-montataire.fr\/en\/wp-json\/wp\/v2\/tags?post=7859"}],"curies":[{"name":"wp","href":"https:\/\/api.w.org\/{rel}","templated":true}]}}