{"id":7786,"date":"2026-04-07T12:45:31","date_gmt":"2026-04-07T12:45:31","guid":{"rendered":"https:\/\/mairie-montataire.fr\/?p=7786"},"modified":"2026-04-27T14:03:36","modified_gmt":"2026-04-27T14:03:36","slug":"jecris-chalk-competition","status":"publish","type":"post","link":"https:\/\/mairie-montataire.fr\/en\/actualites\/concours-jecris-a-la-craie\/","title":{"rendered":"I write with chalk...\u00ab competition\u00bb"},"content":{"rendered":"<p>Enter the competition\u00a0<strong><mark style=\"background-color:rgba(0, 0, 0, 0)\" class=\"has-inline-color has-secondary-500-color\">\u00abI write with chalk...\u00bb<\/mark><\/strong>\u00a0and give free rein to your creativity on the pavements of Montataire!\u00a0<strong>Chalk<\/strong>, Write down your favourite quote, a poetic phrase, or (for children) draw an ephemeral work that will embellish our streets.<\/p>\n\n\n\n<p><strong><mark style=\"background-color:rgba(0, 0, 0, 0);color:#00d084\" class=\"has-inline-color\">Libraries lend chalk to help you create your own creations.<\/mark><\/strong><\/p>\n\n\n\n<ol class=\"wp-block-list\">\n<li style=\"font-style:normal;font-weight:400\">Photograph your creation, <\/li>\n\n\n\n<li style=\"font-style:normal;font-weight:400\">Print it out (available from the library), <\/li>\n\n\n\n<li style=\"font-style:normal;font-weight:400\">Deposit it in libraries <strong><mark style=\"background-color:rgba(0, 0, 0, 0);color:#cf2e2e\" class=\"has-inline-color\">before 13 June 2026<\/mark><\/strong>,<\/li>\n\n\n\n<li style=\"font-style:normal;font-weight:400\">Try to win the honour of seeing your work become the\u00a0<strong><mark style=\"background-color:rgba(0, 0, 0, 0);color:#ff6900\" class=\"has-inline-color\">new library bookmark<\/mark><\/strong>\u00a0and\u00a0<mark style=\"background-color:rgba(0, 0, 0, 0);color:#0693e3\" class=\"has-inline-color\"><strong>vouchers to <a href=\"https:\/\/verbeetobjet.com\/\" target=\"_blank\" rel=\"noreferrer noopener\">the \u00abLe Verbe \u00e0 l'Objet\" bookshop<\/a>\u00a0\"<\/strong><\/mark>.<\/li>\n<\/ol>\n\n\n\n<div style=\"height:45px\" aria-hidden=\"true\" class=\"wp-block-spacer\"><\/div>\n\n\n\n<p>Open to all, no age limit!\u00a0<\/p>\n\n\n\n<div style=\"height:100px\" aria-hidden=\"true\" class=\"wp-block-spacer\"><\/div>\n\n\n\n<p class=\"has-text-align-center\"><em>As part of the 2026 Book Festival.<\/em><\/p>\n\n\n\n<div class=\"wp-block-uagb-image aligncenter uagb-block-654a2c4e wp-block-uagb-image--layout-default wp-block-uagb-image--effect-static wp-block-uagb-image--align-center\"><figure class=\"wp-block-uagb-image__figure\"><img decoding=\"async\" srcset=\"https:\/\/mairie-montataire.fr\/app\/uploads\/2026\/02\/Aff_ConcoursFDL_2026-1-724x1024.png ,https:\/\/mairie-montataire.fr\/app\/uploads\/2026\/02\/Aff_ConcoursFDL_2026-1-scaled.png 780w, https:\/\/mairie-montataire.fr\/app\/uploads\/2026\/02\/Aff_ConcoursFDL_2026-1-scaled.png 360w\" sizes=\"auto, (max-width: 480px) 150px\" src=\"https:\/\/mairie-montataire.fr\/app\/uploads\/2026\/02\/Aff_ConcoursFDL_2026-1-724x1024.png\" alt=\"\" class=\"uag-image-7784\" width=\"724\" height=\"1024\" title=\"Aff_ConcoursFDL_2026\" loading=\"lazy\" role=\"img\"\/><\/figure><\/div>","protected":false},"excerpt":{"rendered":"<p>Participez au concours\u00a0\u00ab\u00a0J\u2019\u00e9cris \u00e0 la craie\u2026\u00a0\u00bb\u00a0et laissez libre cours \u00e0 votre cr\u00e9ativit\u00e9 sur les trottoirs de Montataire !\u00a0\u00c0 la craie, \u00e9crivez votre citation pr\u00e9f\u00e9r\u00e9e, une phrase po\u00e9tique, ou dessinez (pour les enfants) une \u0153uvre \u00e9ph\u00e9m\u00e8re qui embellira nos rues. Les biblioth\u00e8ques pr\u00eatent des craies\u00a0pour vous aider \u00e0 r\u00e9aliser votre cr\u00e9ation. Ouvert \u00e0 tous, sans limite [&hellip;]<\/p>\n","protected":false},"author":2,"featured_media":7788,"comment_status":"closed","ping_status":"closed","sticky":true,"template":"","format":"standard","meta":{"_acf_changed":false,"_uag_custom_page_level_css":"","footnotes":""},"categories":[30],"tags":[],"class_list":["post-7786","post","type-post","status-publish","format-standard","has-post-thumbnail","hentry","category-a-la-une"],"acf":[],"uagb_featured_image_src":{"full":["https:\/\/mairie-montataire.fr\/app\/uploads\/2026\/04\/Actu_ConcoursFDL.jpg",450,335,false],"thumbnail":["https:\/\/mairie-montataire.fr\/app\/uploads\/2026\/04\/Actu_ConcoursFDL-150x150.jpg",150,150,true],"medium":["https:\/\/mairie-montataire.fr\/app\/uploads\/2026\/04\/Actu_ConcoursFDL-300x223.jpg",300,223,true],"medium_large":["https:\/\/mairie-montataire.fr\/app\/uploads\/2026\/04\/Actu_ConcoursFDL.jpg",450,335,false],"large":["https:\/\/mairie-montataire.fr\/app\/uploads\/2026\/04\/Actu_ConcoursFDL.jpg",450,335,false],"1536x1536":["https:\/\/mairie-montataire.fr\/app\/uploads\/2026\/04\/Actu_ConcoursFDL.jpg",450,335,false],"2048x2048":["https:\/\/mairie-montataire.fr\/app\/uploads\/2026\/04\/Actu_ConcoursFDL.jpg",450,335,false],"trp-custom-language-flag":["https:\/\/mairie-montataire.fr\/app\/uploads\/2026\/04\/Actu_ConcoursFDL-16x12.jpg",16,12,true],"gform-image-choice-sm":["https:\/\/mairie-montataire.fr\/app\/uploads\/2026\/04\/Actu_ConcoursFDL.jpg",300,223,false],"gform-image-choice-md":["https:\/\/mairie-montataire.fr\/app\/uploads\/2026\/04\/Actu_ConcoursFDL.jpg",400,298,false],"gform-image-choice-lg":["https:\/\/mairie-montataire.fr\/app\/uploads\/2026\/04\/Actu_ConcoursFDL.jpg",450,335,false]},"uagb_author_info":{"display_name":"Laure Pubert","author_link":"https:\/\/mairie-montataire.fr\/en\/actualites\/author\/l-pubert\/"},"uagb_comment_info":0,"uagb_excerpt":"Participez au concours\u00a0\u00ab\u00a0J\u2019\u00e9cris \u00e0 la craie\u2026\u00a0\u00bb\u00a0et laissez libre cours \u00e0 votre cr\u00e9ativit\u00e9 sur les trottoirs de Montataire !\u00a0\u00c0 la craie, \u00e9crivez votre citation pr\u00e9f\u00e9r\u00e9e, une phrase po\u00e9tique, ou dessinez (pour les enfants) une \u0153uvre \u00e9ph\u00e9m\u00e8re qui embellira nos rues. Les biblioth\u00e8ques pr\u00eatent des craies\u00a0pour vous aider \u00e0 r\u00e9aliser votre cr\u00e9ation. Ouvert \u00e0 tous, sans limite&hellip;","_links":{"self":[{"href":"https:\/\/mairie-montataire.fr\/en\/wp-json\/wp\/v2\/posts\/7786","targetHints":{"allow":["GET"]}}],"collection":[{"href":"https:\/\/mairie-montataire.fr\/en\/wp-json\/wp\/v2\/posts"}],"about":[{"href":"https:\/\/mairie-montataire.fr\/en\/wp-json\/wp\/v2\/types\/post"}],"author":[{"embeddable":true,"href":"https:\/\/mairie-montataire.fr\/en\/wp-json\/wp\/v2\/users\/2"}],"replies":[{"embeddable":true,"href":"https:\/\/mairie-montataire.fr\/en\/wp-json\/wp\/v2\/comments?post=7786"}],"version-history":[{"count":2,"href":"https:\/\/mairie-montataire.fr\/en\/wp-json\/wp\/v2\/posts\/7786\/revisions"}],"predecessor-version":[{"id":7789,"href":"https:\/\/mairie-montataire.fr\/en\/wp-json\/wp\/v2\/posts\/7786\/revisions\/7789"}],"wp:featuredmedia":[{"embeddable":true,"href":"https:\/\/mairie-montataire.fr\/en\/wp-json\/wp\/v2\/media\/7788"}],"wp:attachment":[{"href":"https:\/\/mairie-montataire.fr\/en\/wp-json\/wp\/v2\/media?parent=7786"}],"wp:term":[{"taxonomy":"category","embeddable":true,"href":"https:\/\/mairie-montataire.fr\/en\/wp-json\/wp\/v2\/categories?post=7786"},{"taxonomy":"post_tag","embeddable":true,"href":"https:\/\/mairie-montataire.fr\/en\/wp-json\/wp\/v2\/tags?post=7786"}],"curies":[{"name":"wp","href":"https:\/\/api.w.org\/{rel}","templated":true}]}}