{"id":7742,"date":"2026-03-27T15:28:16","date_gmt":"2026-03-27T15:28:16","guid":{"rendered":"https:\/\/mairie-montataire.fr\/?p=7742"},"modified":"2026-03-27T15:28:54","modified_gmt":"2026-03-27T15:28:54","slug":"your-opinion-on-avenue-gabriel-peri","status":"publish","type":"post","link":"https:\/\/mairie-montataire.fr\/en\/actualites\/votre-avis-sur-lavenue-gabriel-peri\/","title":{"rendered":"Your opinion on avenue Gabriel P\u00e9ri"},"content":{"rendered":"<p>By 2027, the city wants to renovate the entire avenue Gabriel P\u00e9ri and its surroundings.&nbsp;<\/p>\n\n\n\n<p>In order to carry out this project and adapt it as closely as possible to the needs of local residents, we would like to know what you think. This 5-minute questionnaire will allow you to share your ideas and needs for improving the neighbourhood.<\/p>\n\n\n\n<div class=\"wp-block-uagb-buttons uagb-buttons__outer-wrap uagb-btn__default-btn uagb-btn-tablet__default-btn uagb-btn-mobile__default-btn uagb-block-7434ec92\"><div class=\"uagb-buttons__wrap uagb-buttons-layout-wrap\">\n<div class=\"wp-block-uagb-buttons-child uagb-buttons__outer-wrap uagb-block-05d1cb76 wp-block-button\"><div class=\"uagb-button__wrapper\"><a class=\"uagb-buttons-repeater wp-block-button__link\" aria-label=\"\" href=\"https:\/\/form.dragnsurvey.com\/survey\/r\/94d24713\" rel=\"follow noopener\" target=\"_blank\" role=\"button\"><div class=\"uagb-button__link\">Form: Your opinion on Avenue Gabriel P\u00e9ri<\/div><\/a><\/div><\/div>\n<\/div><\/div>\n\n\n\n<p><\/p>","protected":false},"excerpt":{"rendered":"<p>In 2027, the city wants to renovate the entire avenue Gabriel P\u00e9ri and its surroundings.  In order to carry out this project and adapt it as closely as possible to the needs of local residents, we want to know what you think. This 5-minute questionnaire will enable you to share your ideas and needs for improving the neighbourhood.<\/p>","protected":false},"author":2,"featured_media":7743,"comment_status":"closed","ping_status":"closed","sticky":true,"template":"","format":"standard","meta":{"_acf_changed":false,"_uag_custom_page_level_css":"","footnotes":""},"categories":[1],"tags":[],"class_list":["post-7742","post","type-post","status-publish","format-standard","has-post-thumbnail","hentry","category-information"],"acf":[],"uagb_featured_image_src":{"full":["https:\/\/mairie-montataire.fr\/app\/uploads\/2026\/03\/Actu_FormulairePeri.jpg",450,335,false],"thumbnail":["https:\/\/mairie-montataire.fr\/app\/uploads\/2026\/03\/Actu_FormulairePeri-150x150.jpg",150,150,true],"medium":["https:\/\/mairie-montataire.fr\/app\/uploads\/2026\/03\/Actu_FormulairePeri-300x223.jpg",300,223,true],"medium_large":["https:\/\/mairie-montataire.fr\/app\/uploads\/2026\/03\/Actu_FormulairePeri.jpg",450,335,false],"large":["https:\/\/mairie-montataire.fr\/app\/uploads\/2026\/03\/Actu_FormulairePeri.jpg",450,335,false],"1536x1536":["https:\/\/mairie-montataire.fr\/app\/uploads\/2026\/03\/Actu_FormulairePeri.jpg",450,335,false],"2048x2048":["https:\/\/mairie-montataire.fr\/app\/uploads\/2026\/03\/Actu_FormulairePeri.jpg",450,335,false],"trp-custom-language-flag":["https:\/\/mairie-montataire.fr\/app\/uploads\/2026\/03\/Actu_FormulairePeri-16x12.jpg",16,12,true],"gform-image-choice-sm":["https:\/\/mairie-montataire.fr\/app\/uploads\/2026\/03\/Actu_FormulairePeri.jpg",300,223,false],"gform-image-choice-md":["https:\/\/mairie-montataire.fr\/app\/uploads\/2026\/03\/Actu_FormulairePeri.jpg",400,298,false],"gform-image-choice-lg":["https:\/\/mairie-montataire.fr\/app\/uploads\/2026\/03\/Actu_FormulairePeri.jpg",450,335,false]},"uagb_author_info":{"display_name":"Laure Pubert","author_link":"https:\/\/mairie-montataire.fr\/en\/actualites\/author\/l-pubert\/"},"uagb_comment_info":0,"uagb_excerpt":"En 2027, la ville souhaite r\u00e9nover toute l\u2019avenue Gabriel P\u00e9ri et ses abords.&nbsp; Pour r\u00e9aliser ce projet et l\u2019adapter au mieux aux besoins des habitantes et des habitants, nous souhaitons conna\u00eetre votre avis. Ce questionnaire&nbsp;rempli en 5 minutes&nbsp;vous permet de partager vos id\u00e9es et vos besoins pour am\u00e9liorer le quartier.","_links":{"self":[{"href":"https:\/\/mairie-montataire.fr\/en\/wp-json\/wp\/v2\/posts\/7742","targetHints":{"allow":["GET"]}}],"collection":[{"href":"https:\/\/mairie-montataire.fr\/en\/wp-json\/wp\/v2\/posts"}],"about":[{"href":"https:\/\/mairie-montataire.fr\/en\/wp-json\/wp\/v2\/types\/post"}],"author":[{"embeddable":true,"href":"https:\/\/mairie-montataire.fr\/en\/wp-json\/wp\/v2\/users\/2"}],"replies":[{"embeddable":true,"href":"https:\/\/mairie-montataire.fr\/en\/wp-json\/wp\/v2\/comments?post=7742"}],"version-history":[{"count":1,"href":"https:\/\/mairie-montataire.fr\/en\/wp-json\/wp\/v2\/posts\/7742\/revisions"}],"predecessor-version":[{"id":7744,"href":"https:\/\/mairie-montataire.fr\/en\/wp-json\/wp\/v2\/posts\/7742\/revisions\/7744"}],"wp:featuredmedia":[{"embeddable":true,"href":"https:\/\/mairie-montataire.fr\/en\/wp-json\/wp\/v2\/media\/7743"}],"wp:attachment":[{"href":"https:\/\/mairie-montataire.fr\/en\/wp-json\/wp\/v2\/media?parent=7742"}],"wp:term":[{"taxonomy":"category","embeddable":true,"href":"https:\/\/mairie-montataire.fr\/en\/wp-json\/wp\/v2\/categories?post=7742"},{"taxonomy":"post_tag","embeddable":true,"href":"https:\/\/mairie-montataire.fr\/en\/wp-json\/wp\/v2\/tags?post=7742"}],"curies":[{"name":"wp","href":"https:\/\/api.w.org\/{rel}","templated":true}]}}