{"id":7704,"date":"2026-03-19T14:39:30","date_gmt":"2026-03-19T14:39:30","guid":{"rendered":"https:\/\/mairie-montataire.fr\/?p=7704"},"modified":"2026-03-27T15:13:35","modified_gmt":"2026-03-27T15:13:35","slug":"a-new-phase-of-works-begins-at-martinets","status":"publish","type":"post","link":"https:\/\/mairie-montataire.fr\/en\/actualites\/une-nouvelle-phase-de-travaux-debute-aux-martinets\/","title":{"rendered":"A new phase of works begins at Les Martinets"},"content":{"rendered":"<p>Starting in March, <strong>phase two of the urban renewal project has been launched.<\/strong><\/p>\n\n\n\n<p>Work is starting along avenue Gabriel p\u00e9ri and as far as the Fernand Tuil esplanade. Below the esplanade, an area dedicated to young children will be created. The pedestrian links, including the stairs linking avenue Gabriel P\u00e9ri to \u00e9cole jacques Decour, will be upgraded.<\/p>\n\n\n\n<p>A new pathway will be laid out, replacing the existing one between Avenue Gabriel P\u00e9ri and the city stadium, with more trees and easier access for pushchairs and people with reduced mobility.<\/p>\n\n\n\n<p>The work will be carried out in stages. <strong>Traffic will not be disrupted.<\/strong> Parking spaces will be gradually taken over. Signage will gradually provide information for local residents.<\/p>\n\n\n\n<div style=\"height:50px\" aria-hidden=\"true\" class=\"wp-block-spacer\"><\/div>\n\n\n\n<div class=\"wp-block-uagb-call-to-action uagb-block-3cbc6f74 wp-block-button\"><div class=\"uagb-cta__wrap\"><h3 class=\"uagb-cta__title\">At the same time, consultation on the next stage of the district's renovation is continuing.<\/h3><p class=\"uagb-cta__desc\">There are two ways of doing this:<br><strong><mark style=\"background-color:rgba(0, 0, 0, 0)\" class=\"has-inline-color has-secondary-700-color\">\/\/<\/mark><\/strong> Fill in the questionnaire\u00ab\u00a0<strong>Your opinion on avenue Gabriel P\u00e9ri<\/strong>\u00a0\u00bbClick on the button to the right.<br><strong><mark style=\"background-color:rgba(0, 0, 0, 0)\" class=\"has-inline-color has-secondary-700-color\">\/\/<\/mark><\/strong> Attend the consultation meeting scheduled for <strong>20 May from 4pm between 29 and 31 avenue<br>Gabriel P\u00e9ri<\/strong> !<\/p><\/div><div class=\"uagb-cta__buttons\"><a href=\"https:\/\/form.dragnsurvey.com\/survey\/r\/94d24713\" class=\"uagb-cta__button-link-wrapper wp-block-button__link\" target=\"_blank\" rel=\"noopener noreferrer\">Have your say <br>on avenue Gabriel P\u00e9ri<svg xmlns=\"https:\/\/www.w3.org\/2000\/svg\" viewbox=\"0 0 512 512\"><path d=\"M504.3 273.6l-112.1 104c-6.992 6.484-17.18 8.218-25.94 4.406c-8.758-3.812-14.42-12.45-14.42-21.1L351.9 288H32C14.33 288 .0002 273.7 .0002 255.1S14.33 224 32 224h319.9l0-72c0-9.547 5.66-18.19 14.42-22c8.754-3.809 18.95-2.075 25.94 4.41l112.1 104C514.6 247.9 514.6 264.1 504.3 273.6z\"><\/path><\/svg><\/a><\/div><\/div>\n\n\n\n<div style=\"height:51px\" aria-hidden=\"true\" class=\"wp-block-spacer\"><\/div>\n\n\n\n<div class=\"wp-block-columns is-layout-flex wp-container-core-columns-is-layout-9d6595d7 wp-block-columns-is-layout-flex\">\n<div class=\"wp-block-column is-layout-flow wp-block-column-is-layout-flow\">\n<div class=\"wp-block-uagb-image uagb-block-52604e2f wp-block-uagb-image--layout-default wp-block-uagb-image--effect-static wp-block-uagb-image--align-none\"><figure class=\"wp-block-uagb-image__figure\"><img decoding=\"async\" srcset=\"https:\/\/mairie-montataire.fr\/app\/uploads\/2026\/03\/photo-cheminements-2.jpg ,https:\/\/mairie-montataire.fr\/app\/uploads\/2026\/03\/photo-cheminements-2.jpg 780w, https:\/\/mairie-montataire.fr\/app\/uploads\/2026\/03\/photo-cheminements-2.jpg 360w\" sizes=\"auto, (max-width: 480px) 150px\" src=\"https:\/\/mairie-montataire.fr\/app\/uploads\/2026\/03\/photo-cheminements-2.jpg\" alt=\"\" class=\"uag-image-7707\" width=\"623\" height=\"305\" title=\"photo pathways 2\" loading=\"lazy\" role=\"img\"\/><\/figure><\/div>\n<\/div>\n\n\n\n<div class=\"wp-block-column is-layout-flow wp-block-column-is-layout-flow\">\n<div class=\"wp-block-uagb-image uagb-block-82def65d wp-block-uagb-image--layout-default wp-block-uagb-image--effect-static wp-block-uagb-image--align-none\"><figure class=\"wp-block-uagb-image__figure\"><img decoding=\"async\" srcset=\"https:\/\/mairie-montataire.fr\/app\/uploads\/2026\/03\/cheminement-PMR-23sept25.jpg ,https:\/\/mairie-montataire.fr\/app\/uploads\/2026\/03\/cheminement-PMR-23sept25.jpg 780w, https:\/\/mairie-montataire.fr\/app\/uploads\/2026\/03\/cheminement-PMR-23sept25.jpg 360w\" sizes=\"auto, (max-width: 480px) 150px\" src=\"https:\/\/mairie-montataire.fr\/app\/uploads\/2026\/03\/cheminement-PMR-23sept25.jpg\" alt=\"\" class=\"uag-image-7706\" width=\"623\" height=\"305\" title=\"PMR path 23sept25\" loading=\"lazy\" role=\"img\"\/><\/figure><\/div>\n<\/div>\n<\/div>\n\n\n\n<p class=\"has-text-align-center\"><em>Image credits: \u00a9SLG Paysage<\/em><\/p>\n\n\n\n<div style=\"height:51px\" aria-hidden=\"true\" class=\"wp-block-spacer\"><\/div>\n\n\n\n<p><a href=\"https:\/\/mairie-montataire.fr\/en\/get-informed\/finances-city-projects\/the-new-national-urban-renewal-programme-npnru\/\">To find out more about the project timetable and programme, go to the project page.\u00ab\u00a0<em>The New National Urban Renewal Programme (NPNRU)<\/em>\u00ab\u00a0.<\/a><\/p>\n\n\n\n<p><\/p>","protected":false},"excerpt":{"rendered":"<p>\u00c0 partir du mois de mars, la phase deux du projet de renouvellement urbain est lanc\u00e9e. Les travaux le long de l\u2019avenue Gabriel p\u00e9ri et jusque l\u2019esplanade Fernand Tuil commencent. En contrebas de l\u2019esplanade, un espace d\u00e9di\u00e9 aux jeunes enfants verra le jour. Les liaisons pi\u00e9tonnes dont les escaliers reliant l\u2019avenue Gabriel P\u00e9ri \u00e0 l\u2019\u00e9cole [&hellip;]<\/p>\n","protected":false},"author":2,"featured_media":7712,"comment_status":"closed","ping_status":"closed","sticky":false,"template":"","format":"standard","meta":{"_acf_changed":false,"_uag_custom_page_level_css":"","footnotes":""},"categories":[1],"tags":[],"class_list":["post-7704","post","type-post","status-publish","format-standard","has-post-thumbnail","hentry","category-information"],"acf":[],"uagb_featured_image_src":{"full":["https:\/\/mairie-montataire.fr\/app\/uploads\/2026\/03\/Actu_Phase2PRUformulaire.jpg",450,335,false],"thumbnail":["https:\/\/mairie-montataire.fr\/app\/uploads\/2026\/03\/Actu_Phase2PRUformulaire-150x150.jpg",150,150,true],"medium":["https:\/\/mairie-montataire.fr\/app\/uploads\/2026\/03\/Actu_Phase2PRUformulaire-300x223.jpg",300,223,true],"medium_large":["https:\/\/mairie-montataire.fr\/app\/uploads\/2026\/03\/Actu_Phase2PRUformulaire.jpg",450,335,false],"large":["https:\/\/mairie-montataire.fr\/app\/uploads\/2026\/03\/Actu_Phase2PRUformulaire.jpg",450,335,false],"1536x1536":["https:\/\/mairie-montataire.fr\/app\/uploads\/2026\/03\/Actu_Phase2PRUformulaire.jpg",450,335,false],"2048x2048":["https:\/\/mairie-montataire.fr\/app\/uploads\/2026\/03\/Actu_Phase2PRUformulaire.jpg",450,335,false],"trp-custom-language-flag":["https:\/\/mairie-montataire.fr\/app\/uploads\/2026\/03\/Actu_Phase2PRUformulaire-16x12.jpg",16,12,true],"gform-image-choice-sm":["https:\/\/mairie-montataire.fr\/app\/uploads\/2026\/03\/Actu_Phase2PRUformulaire.jpg",300,223,false],"gform-image-choice-md":["https:\/\/mairie-montataire.fr\/app\/uploads\/2026\/03\/Actu_Phase2PRUformulaire.jpg",400,298,false],"gform-image-choice-lg":["https:\/\/mairie-montataire.fr\/app\/uploads\/2026\/03\/Actu_Phase2PRUformulaire.jpg",450,335,false]},"uagb_author_info":{"display_name":"Laure Pubert","author_link":"https:\/\/mairie-montataire.fr\/en\/actualites\/author\/l-pubert\/"},"uagb_comment_info":0,"uagb_excerpt":"\u00c0 partir du mois de mars, la phase deux du projet de renouvellement urbain est lanc\u00e9e. Les travaux le long de l\u2019avenue Gabriel p\u00e9ri et jusque l\u2019esplanade Fernand Tuil commencent. En contrebas de l\u2019esplanade, un espace d\u00e9di\u00e9 aux jeunes enfants verra le jour. Les liaisons pi\u00e9tonnes dont les escaliers reliant l\u2019avenue Gabriel P\u00e9ri \u00e0 l\u2019\u00e9cole&hellip;","_links":{"self":[{"href":"https:\/\/mairie-montataire.fr\/en\/wp-json\/wp\/v2\/posts\/7704","targetHints":{"allow":["GET"]}}],"collection":[{"href":"https:\/\/mairie-montataire.fr\/en\/wp-json\/wp\/v2\/posts"}],"about":[{"href":"https:\/\/mairie-montataire.fr\/en\/wp-json\/wp\/v2\/types\/post"}],"author":[{"embeddable":true,"href":"https:\/\/mairie-montataire.fr\/en\/wp-json\/wp\/v2\/users\/2"}],"replies":[{"embeddable":true,"href":"https:\/\/mairie-montataire.fr\/en\/wp-json\/wp\/v2\/comments?post=7704"}],"version-history":[{"count":5,"href":"https:\/\/mairie-montataire.fr\/en\/wp-json\/wp\/v2\/posts\/7704\/revisions"}],"predecessor-version":[{"id":7741,"href":"https:\/\/mairie-montataire.fr\/en\/wp-json\/wp\/v2\/posts\/7704\/revisions\/7741"}],"wp:featuredmedia":[{"embeddable":true,"href":"https:\/\/mairie-montataire.fr\/en\/wp-json\/wp\/v2\/media\/7712"}],"wp:attachment":[{"href":"https:\/\/mairie-montataire.fr\/en\/wp-json\/wp\/v2\/media?parent=7704"}],"wp:term":[{"taxonomy":"category","embeddable":true,"href":"https:\/\/mairie-montataire.fr\/en\/wp-json\/wp\/v2\/categories?post=7704"},{"taxonomy":"post_tag","embeddable":true,"href":"https:\/\/mairie-montataire.fr\/en\/wp-json\/wp\/v2\/tags?post=7704"}],"curies":[{"name":"wp","href":"https:\/\/api.w.org\/{rel}","templated":true}]}}