{"id":7665,"date":"2026-03-15T19:21:08","date_gmt":"2026-03-15T19:21:08","guid":{"rendered":"https:\/\/mairie-montataire.fr\/?p=7665"},"modified":"2026-04-01T13:58:53","modified_gmt":"2026-04-01T13:58:53","slug":"results-of-the-municipal-elections","status":"publish","type":"post","link":"https:\/\/mairie-montataire.fr\/en\/actualites\/resultats-des-elections-municipales\/","title":{"rendered":"Results of the municipal elections"},"content":{"rendered":"<p>The municipal elections took place on Sunday 15 March 2026.<\/p>\n\n\n\n<p>Shareholding: 38.07%<\/p>\n\n\n\n<p>A big thank you to all those who worked so hard on Sunday to ensure that the vote went off smoothly.<\/p>\n\n\n\n<h2 class=\"wp-block-heading\">Results<\/h2>\n\n\n\n<div class=\"wp-block-uagb-image uagb-block-769e72d0 wp-block-uagb-image--layout-default wp-block-uagb-image--effect-static wp-block-uagb-image--align-none\"><figure class=\"wp-block-uagb-image__figure\"><img decoding=\"async\" srcset=\"https:\/\/mairie-montataire.fr\/app\/uploads\/2026\/03\/RESULTATS-MUNICIPALES-2026-1ER-TOUR-1024x721.png ,https:\/\/mairie-montataire.fr\/app\/uploads\/2026\/03\/RESULTATS-MUNICIPALES-2026-1ER-TOUR-scaled.png 780w, https:\/\/mairie-montataire.fr\/app\/uploads\/2026\/03\/RESULTATS-MUNICIPALES-2026-1ER-TOUR-scaled.png 360w\" sizes=\"auto, (max-width: 480px) 150px\" src=\"https:\/\/mairie-montataire.fr\/app\/uploads\/2026\/03\/RESULTATS-MUNICIPALES-2026-1ER-TOUR-1024x721.png\" alt=\"\" class=\"uag-image-7675\" width=\"1024\" height=\"721\" title=\"MUNICIPAL RESULTS 2026 1ST ROUND\" loading=\"lazy\" role=\"img\"\/><\/figure><\/div>\n\n\n\n<p>The Citoyen.ne.s rassembl\u00e9.e.s pour Montataire list led by BOSINO Jean-Pierre won with 77.59% of the votes.<\/p>\n\n\n\n<p><\/p>","protected":false},"excerpt":{"rendered":"<p>The municipal elections took place on Sunday 15 March 2026. Turnout: 38.07% Many thanks to everyone who took part in the elections on Sunday. Results The Citoyen.ne.s rassembl\u00e9.e.s pour Montataire list led by BOSINO Jean-Pierre won with 77.59% of the votes.<\/p>","protected":false},"author":2,"featured_media":7666,"comment_status":"closed","ping_status":"closed","sticky":false,"template":"","format":"standard","meta":{"_acf_changed":false,"_uag_custom_page_level_css":"","footnotes":""},"categories":[1],"tags":[],"class_list":["post-7665","post","type-post","status-publish","format-standard","has-post-thumbnail","hentry","category-information"],"acf":[],"uagb_featured_image_src":{"full":["https:\/\/mairie-montataire.fr\/app\/uploads\/2026\/03\/Actu_resultatselectionsmunicipales.jpg",450,335,false],"thumbnail":["https:\/\/mairie-montataire.fr\/app\/uploads\/2026\/03\/Actu_resultatselectionsmunicipales-150x150.jpg",150,150,true],"medium":["https:\/\/mairie-montataire.fr\/app\/uploads\/2026\/03\/Actu_resultatselectionsmunicipales-300x223.jpg",300,223,true],"medium_large":["https:\/\/mairie-montataire.fr\/app\/uploads\/2026\/03\/Actu_resultatselectionsmunicipales.jpg",450,335,false],"large":["https:\/\/mairie-montataire.fr\/app\/uploads\/2026\/03\/Actu_resultatselectionsmunicipales.jpg",450,335,false],"1536x1536":["https:\/\/mairie-montataire.fr\/app\/uploads\/2026\/03\/Actu_resultatselectionsmunicipales.jpg",450,335,false],"2048x2048":["https:\/\/mairie-montataire.fr\/app\/uploads\/2026\/03\/Actu_resultatselectionsmunicipales.jpg",450,335,false],"trp-custom-language-flag":["https:\/\/mairie-montataire.fr\/app\/uploads\/2026\/03\/Actu_resultatselectionsmunicipales-16x12.jpg",16,12,true],"gform-image-choice-sm":["https:\/\/mairie-montataire.fr\/app\/uploads\/2026\/03\/Actu_resultatselectionsmunicipales.jpg",300,223,false],"gform-image-choice-md":["https:\/\/mairie-montataire.fr\/app\/uploads\/2026\/03\/Actu_resultatselectionsmunicipales.jpg",400,298,false],"gform-image-choice-lg":["https:\/\/mairie-montataire.fr\/app\/uploads\/2026\/03\/Actu_resultatselectionsmunicipales.jpg",450,335,false]},"uagb_author_info":{"display_name":"Laure Pubert","author_link":"https:\/\/mairie-montataire.fr\/en\/actualites\/author\/l-pubert\/"},"uagb_comment_info":0,"uagb_excerpt":"Les \u00e9lections municipales se sont d\u00e9roul\u00e9es ce dimanche 15 mars 2026. Participation : 38,07% Un grand merci \u00e0 toutes les personnes mobilis\u00e9es ce dimanche pour la bonne tenue du scrutin. R\u00e9sultats La liste Citoyen.ne.s rassembl\u00e9.e.s pour Montataire men\u00e9e par BOSINO Jean-Pierre l&#8217;emporte avec 77,59% des suffrages.","_links":{"self":[{"href":"https:\/\/mairie-montataire.fr\/en\/wp-json\/wp\/v2\/posts\/7665","targetHints":{"allow":["GET"]}}],"collection":[{"href":"https:\/\/mairie-montataire.fr\/en\/wp-json\/wp\/v2\/posts"}],"about":[{"href":"https:\/\/mairie-montataire.fr\/en\/wp-json\/wp\/v2\/types\/post"}],"author":[{"embeddable":true,"href":"https:\/\/mairie-montataire.fr\/en\/wp-json\/wp\/v2\/users\/2"}],"replies":[{"embeddable":true,"href":"https:\/\/mairie-montataire.fr\/en\/wp-json\/wp\/v2\/comments?post=7665"}],"version-history":[{"count":4,"href":"https:\/\/mairie-montataire.fr\/en\/wp-json\/wp\/v2\/posts\/7665\/revisions"}],"predecessor-version":[{"id":7676,"href":"https:\/\/mairie-montataire.fr\/en\/wp-json\/wp\/v2\/posts\/7665\/revisions\/7676"}],"wp:featuredmedia":[{"embeddable":true,"href":"https:\/\/mairie-montataire.fr\/en\/wp-json\/wp\/v2\/media\/7666"}],"wp:attachment":[{"href":"https:\/\/mairie-montataire.fr\/en\/wp-json\/wp\/v2\/media?parent=7665"}],"wp:term":[{"taxonomy":"category","embeddable":true,"href":"https:\/\/mairie-montataire.fr\/en\/wp-json\/wp\/v2\/categories?post=7665"},{"taxonomy":"post_tag","embeddable":true,"href":"https:\/\/mairie-montataire.fr\/en\/wp-json\/wp\/v2\/tags?post=7665"}],"curies":[{"name":"wp","href":"https:\/\/api.w.org\/{rel}","templated":true}]}}