{"id":6209,"date":"2026-03-16T15:55:48","date_gmt":"2026-03-16T15:55:48","guid":{"rendered":"https:\/\/mairie-montataire.fr\/?p=6209"},"modified":"2026-03-16T15:57:50","modified_gmt":"2026-03-16T15:57:50","slug":"a-look-back-at-the-seniors-meal","status":"publish","type":"post","link":"https:\/\/mairie-montataire.fr\/en\/actualites\/retour-sur-le-repas-des-aines\/","title":{"rendered":"A look back at the seniors' meal"},"content":{"rendered":"<p>On 4 March, the town's annual pensioners' meal was held in Clermont's Salle Pommery, with over 300 guests in attendance. Over a delicious meal prepared and served by the town's staff and volunteers, the guests enjoyed rhythmic tunes played on stage by a group present for the occasion. A madison and lots of laughter kept the atmosphere warm throughout the day. The Mayor, accompanied by the elected representatives present, took the floor and honoured the doyenne Avril Bernadette and the doyen Dandeville Jean-Pierre of the assembly, aged 95 and 96 respectively!<\/p>\n\n\n\n<p><\/p>\n\n\n\n<div class=\"wp-block-uagb-image aligncenter uagb-block-bf9ea189 wp-block-uagb-image--layout-default wp-block-uagb-image--effect-static wp-block-uagb-image--align-center\"><figure class=\"wp-block-uagb-image__figure\"><img decoding=\"async\" srcset=\"https:\/\/mairie-montataire.fr\/app\/uploads\/2026\/03\/2026-03-04-Repas-des-retraites-Ambiance-15-1024x683.jpg ,https:\/\/mairie-montataire.fr\/app\/uploads\/2026\/03\/2026-03-04-Repas-des-retraites-Ambiance-15-scaled.jpg 780w, https:\/\/mairie-montataire.fr\/app\/uploads\/2026\/03\/2026-03-04-Repas-des-retraites-Ambiance-15-scaled.jpg 360w\" sizes=\"auto, (max-width: 480px) 150px\" src=\"https:\/\/mairie-montataire.fr\/app\/uploads\/2026\/03\/2026-03-04-Repas-des-retraites-Ambiance-15-1024x683.jpg\" alt=\"\" class=\"uag-image-7677\" width=\"1024\" height=\"683\" title=\"2026-03-04 Retirement meal - Ambiance (15)\" loading=\"lazy\" role=\"img\"\/><\/figure><\/div>\n\n\n\n<p>A great <strong>thank you to the City's departments<\/strong>, We would like to take this opportunity to thank all the members of our team, who worked hard all day long to ensure flawless organisation and a delicious meal. A huge <strong>thank you also to the retired volunteers<\/strong>, And they're as committed and generous with their time as ever.<\/p>\n\n\n\n<div style=\"height:100px\" aria-hidden=\"true\" class=\"wp-block-spacer\"><\/div>\n\n\n\n<div class=\"wp-block-uagb-buttons uagb-buttons__outer-wrap uagb-btn__default-btn uagb-btn-tablet__default-btn uagb-btn-mobile__default-btn uagb-block-94da7c43\"><div class=\"uagb-buttons__wrap uagb-buttons-layout-wrap\">\n<div class=\"wp-block-uagb-buttons-child uagb-buttons__outer-wrap uagb-block-3564e4cf wp-block-button\"><div class=\"uagb-button__wrapper\"><a class=\"uagb-buttons-repeater wp-block-button__link\" aria-label=\"\" href=\"https:\/\/drive.google.com\/drive\/folders\/1ZHdAwklZtqjpmVlU3RaU8wfauNxR5-ju?usp=sharing\" rel=\"follow noopener\" target=\"_blank\" role=\"button\"><div class=\"uagb-button__link\">See all the photos of the meal here <\/div><span class=\"uagb-button__icon uagb-button__icon-position-after\"><svg xmlns=\"https:\/\/www.w3.org\/2000\/svg\" viewbox=\"0 0 448 512\" aria-hidden=\"true\" focussable=\"false\"><path d=\"M438.6 278.6l-160 160C272.4 444.9 264.2 448 256 448s-16.38-3.125-22.62-9.375c-12.5-12.5-12.5-32.75 0-45.25L338.8 288H32C14.33 288 .0016 273.7 .0016 256S14.33 224 32 224h306.8l-105.4-105.4c-12.5-12.5-12.5-32.75 0-45.25s32.75-12.5 45.25 0l160 160C451.1 245.9 451.1 266.1 438.6 278.6z\"><\/path><\/svg><\/span><\/a><\/div><\/div>\n<\/div><\/div>\n\n\n\n<p><em><mark style=\"background-color:rgba(0, 0, 0, 0)\" class=\"has-inline-color has-secondary-700-color\"><strong>The link is available until 30 April 2026. <\/strong><\/mark><\/em><\/p>\n\n\n\n<p><\/p>","protected":false},"excerpt":{"rendered":"<p>Le 4 mars a eu lieu le repas annuel des retrait\u00e9s de la ville, organis\u00e9 dans la salle Pommery de Clermont avec plus de 300 convives. Autour d\u2019un bon repas pr\u00e9par\u00e9 et servi par les agents de la ville et des volontaires, les invit\u00e9s ont profit\u00e9 de morceaux rythm\u00e9s jou\u00e9s sur sc\u00e8ne par un groupe [&hellip;]<\/p>\n","protected":false},"author":2,"featured_media":7678,"comment_status":"closed","ping_status":"closed","sticky":false,"template":"","format":"standard","meta":{"_acf_changed":false,"_uag_custom_page_level_css":"","footnotes":""},"categories":[90],"tags":[],"class_list":["post-6209","post","type-post","status-publish","format-standard","has-post-thumbnail","hentry","category-retour-sur"],"acf":[],"uagb_featured_image_src":{"full":["https:\/\/mairie-montataire.fr\/app\/uploads\/2025\/05\/Actu_retourrepasdesaines.jpg",450,335,false],"thumbnail":["https:\/\/mairie-montataire.fr\/app\/uploads\/2025\/05\/Actu_retourrepasdesaines-150x150.jpg",150,150,true],"medium":["https:\/\/mairie-montataire.fr\/app\/uploads\/2025\/05\/Actu_retourrepasdesaines-300x223.jpg",300,223,true],"medium_large":["https:\/\/mairie-montataire.fr\/app\/uploads\/2025\/05\/Actu_retourrepasdesaines.jpg",450,335,false],"large":["https:\/\/mairie-montataire.fr\/app\/uploads\/2025\/05\/Actu_retourrepasdesaines.jpg",450,335,false],"1536x1536":["https:\/\/mairie-montataire.fr\/app\/uploads\/2025\/05\/Actu_retourrepasdesaines.jpg",450,335,false],"2048x2048":["https:\/\/mairie-montataire.fr\/app\/uploads\/2025\/05\/Actu_retourrepasdesaines.jpg",450,335,false],"trp-custom-language-flag":["https:\/\/mairie-montataire.fr\/app\/uploads\/2025\/05\/Actu_retourrepasdesaines-16x12.jpg",16,12,true],"gform-image-choice-sm":["https:\/\/mairie-montataire.fr\/app\/uploads\/2025\/05\/Actu_retourrepasdesaines.jpg",300,223,false],"gform-image-choice-md":["https:\/\/mairie-montataire.fr\/app\/uploads\/2025\/05\/Actu_retourrepasdesaines.jpg",400,298,false],"gform-image-choice-lg":["https:\/\/mairie-montataire.fr\/app\/uploads\/2025\/05\/Actu_retourrepasdesaines.jpg",450,335,false]},"uagb_author_info":{"display_name":"Laure Pubert","author_link":"https:\/\/mairie-montataire.fr\/en\/actualites\/author\/l-pubert\/"},"uagb_comment_info":0,"uagb_excerpt":"Le 4 mars a eu lieu le repas annuel des retrait\u00e9s de la ville, organis\u00e9 dans la salle Pommery de Clermont avec plus de 300 convives. Autour d\u2019un bon repas pr\u00e9par\u00e9 et servi par les agents de la ville et des volontaires, les invit\u00e9s ont profit\u00e9 de morceaux rythm\u00e9s jou\u00e9s sur sc\u00e8ne par un groupe&hellip;","_links":{"self":[{"href":"https:\/\/mairie-montataire.fr\/en\/wp-json\/wp\/v2\/posts\/6209","targetHints":{"allow":["GET"]}}],"collection":[{"href":"https:\/\/mairie-montataire.fr\/en\/wp-json\/wp\/v2\/posts"}],"about":[{"href":"https:\/\/mairie-montataire.fr\/en\/wp-json\/wp\/v2\/types\/post"}],"author":[{"embeddable":true,"href":"https:\/\/mairie-montataire.fr\/en\/wp-json\/wp\/v2\/users\/2"}],"replies":[{"embeddable":true,"href":"https:\/\/mairie-montataire.fr\/en\/wp-json\/wp\/v2\/comments?post=6209"}],"version-history":[{"count":4,"href":"https:\/\/mairie-montataire.fr\/en\/wp-json\/wp\/v2\/posts\/6209\/revisions"}],"predecessor-version":[{"id":7681,"href":"https:\/\/mairie-montataire.fr\/en\/wp-json\/wp\/v2\/posts\/6209\/revisions\/7681"}],"wp:featuredmedia":[{"embeddable":true,"href":"https:\/\/mairie-montataire.fr\/en\/wp-json\/wp\/v2\/media\/7678"}],"wp:attachment":[{"href":"https:\/\/mairie-montataire.fr\/en\/wp-json\/wp\/v2\/media?parent=6209"}],"wp:term":[{"taxonomy":"category","embeddable":true,"href":"https:\/\/mairie-montataire.fr\/en\/wp-json\/wp\/v2\/categories?post=6209"},{"taxonomy":"post_tag","embeddable":true,"href":"https:\/\/mairie-montataire.fr\/en\/wp-json\/wp\/v2\/tags?post=6209"}],"curies":[{"name":"wp","href":"https:\/\/api.w.org\/{rel}","templated":true}]}}