{"id":7859,"date":"2026-04-24T09:46:13","date_gmt":"2026-04-24T09:46:13","guid":{"rendered":"https:\/\/mairie-montataire.fr\/?p=7859"},"modified":"2026-04-24T09:49:00","modified_gmt":"2026-04-24T09:49:00","slug":"eco-paturage-neue-bewohnerinnen-im-quartier-des-martinets","status":"publish","type":"post","link":"https:\/\/mairie-montataire.fr\/de\/actualites\/eco-paturage-de-nouvelles-habitantes-au-quartier-des-martinets\/","title":{"rendered":"\u00d6koweide: Neue Bewohnerinnen im Martinets-Viertel"},"content":{"rendered":"<p><strong>Der Gr\u00fcnzug beherbergt seit Mitte April neue K\u00f6pfe: Schafe. Bis zum n\u00e4chsten Oktober<\/strong>, Die drei Schafe bewohnen ein f\u00fcr sie eingerichtetes Gehege, in dem sie auf nat\u00fcrliche Weise den Rasen pflegen. Die Schafe sind erwachsen und geh\u00f6ren zur kleinsten Schafart.&nbsp;<\/p>\n\n\n\n<div class=\"wp-block-uagb-image alignwide uagb-block-b64bc939 wp-block-uagb-image--layout-default wp-block-uagb-image--effect-static wp-block-uagb-image--align-wide\"><figure class=\"wp-block-uagb-image__figure\"><img decoding=\"async\" srcset=\"https:\/\/mairie-montataire.fr\/app\/uploads\/2026\/04\/2026-04-14-Eco-paturage-12-scaled-e1777023824839-1024x372.jpg ,https:\/\/mairie-montataire.fr\/app\/uploads\/2026\/04\/2026-04-14-Eco-paturage-12-scaled-e1777023824839.jpg 780w, https:\/\/mairie-montataire.fr\/app\/uploads\/2026\/04\/2026-04-14-Eco-paturage-12-scaled-e1777023824839.jpg 360w\" sizes=\"auto, (max-width: 480px) 150px\" src=\"https:\/\/mairie-montataire.fr\/app\/uploads\/2026\/04\/2026-04-14-Eco-paturage-12-scaled-e1777023824839-1024x372.jpg\" alt=\"\" class=\"uag-image-7867\" width=\"1024\" height=\"372\" title=\"2026-04-14 \u00d6ko-Weide (12)\" loading=\"lazy\" role=\"img\"\/><\/figure><\/div>\n\n\n\n<h2 class=\"wp-block-heading\">Was kann man dem Schaf zu essen geben? <\/h2>\n\n\n\n<div class=\"wp-block-columns is-layout-flex wp-container-core-columns-is-layout-9d6595d7 wp-block-columns-is-layout-flex\">\n<div class=\"wp-block-column is-layout-flow wp-block-column-is-layout-flow\">\n<p>Es ist wichtig zu betonen, dass Schafe gef\u00fcttert werden und dass man ihnen auf keinen Fall Brot oder weizenhaltige Nahrungsmittel geben sollte, da diese in ihrem Magen aufquellen und zu ernsthaften Komplikationen f\u00fchren k\u00f6nnen. <strong>Bieten Sie ihnen stattdessen Obst, Gem\u00fcse oder Schalen an.<\/strong><\/p>\n<\/div>\n\n\n\n<div class=\"wp-block-column is-layout-flow wp-block-column-is-layout-flow\">\n<div class=\"wp-block-uagb-image aligncenter uagb-block-1a90ff6b wp-block-uagb-image--layout-default wp-block-uagb-image--effect-static wp-block-uagb-image--align-center\"><figure class=\"wp-block-uagb-image__figure\"><img decoding=\"async\" srcset=\"https:\/\/mairie-montataire.fr\/app\/uploads\/2026\/04\/4-nourriture-1024x725.png ,https:\/\/mairie-montataire.fr\/app\/uploads\/2026\/04\/4-nourriture.png 780w, https:\/\/mairie-montataire.fr\/app\/uploads\/2026\/04\/4-nourriture.png 360w\" sizes=\"auto, (max-width: 480px) 150px\" src=\"https:\/\/mairie-montataire.fr\/app\/uploads\/2026\/04\/4-nourriture-1024x725.png\" alt=\"\" class=\"uag-image-7863\" width=\"1024\" height=\"725\" title=\"4-Nahrung\" loading=\"lazy\" role=\"img\"\/><\/figure><\/div>\n<\/div>\n<\/div>\n\n\n\n<h2 class=\"wp-block-heading\">Dank an den Verein Le Pr\u00e9 des cit\u00e9s<\/h2>\n\n\n\n<p>Diese Initiative wird durch die Beteiligung des Vereins Le Pr\u00e9 des cit\u00e9s erm\u00f6glicht, der durch die \u00d6ko-Weiden zur Schaffung sozialer Bindungen beitr\u00e4gt. Diese Ma\u00dfnahme ist Teil einer Politik der Stadtverwaltung, die darauf abzielt, das Lebensumfeld durch lebendige Gr\u00fcnfl\u00e4chen zu verbessern, die \u00f6kologisch verantwortungsvoll gepflegt werden und Motoren f\u00fcr Interaktionen und Begegnungen sind. <\/p>\n\n\n\n<div class=\"wp-block-columns is-layout-flex wp-container-core-columns-is-layout-9d6595d7 wp-block-columns-is-layout-flex\">\n<div class=\"wp-block-column is-layout-flow wp-block-column-is-layout-flow\">\n<div class=\"wp-block-uagb-image aligncenter uagb-block-49233d55 wp-block-uagb-image--layout-default wp-block-uagb-image--effect-static wp-block-uagb-image--align-center\"><figure class=\"wp-block-uagb-image__figure\"><img decoding=\"async\" srcset=\"https:\/\/mairie-montataire.fr\/app\/uploads\/2026\/04\/5.vs3_-1024x725.png ,https:\/\/mairie-montataire.fr\/app\/uploads\/2026\/04\/5.vs3_.png 780w, https:\/\/mairie-montataire.fr\/app\/uploads\/2026\/04\/5.vs3_.png 360w\" sizes=\"auto, (max-width: 480px) 150px\" src=\"https:\/\/mairie-montataire.fr\/app\/uploads\/2026\/04\/5.vs3_-1024x725.png\" alt=\"\" class=\"uag-image-7864\" width=\"1024\" height=\"725\" title=\"5.vs3\" loading=\"lazy\" role=\"img\"\/><\/figure><\/div>\n<\/div>\n\n\n\n<div class=\"wp-block-column is-layout-flow wp-block-column-is-layout-flow\">\n<div class=\"wp-block-uagb-image uagb-block-c6d92dc0 wp-block-uagb-image--layout-default wp-block-uagb-image--effect-static wp-block-uagb-image--align-none\"><figure class=\"wp-block-uagb-image__figure\"><img decoding=\"async\" srcset=\"https:\/\/mairie-montataire.fr\/app\/uploads\/2026\/04\/14-lepredescites-1024x725.png ,https:\/\/mairie-montataire.fr\/app\/uploads\/2026\/04\/14-lepredescites.png 780w, https:\/\/mairie-montataire.fr\/app\/uploads\/2026\/04\/14-lepredescites.png 360w\" sizes=\"auto, (max-width: 480px) 150px\" src=\"https:\/\/mairie-montataire.fr\/app\/uploads\/2026\/04\/14-lepredescites-1024x725.png\" alt=\"\" class=\"uag-image-7860\" width=\"1024\" height=\"725\" title=\"14-lepredescites\" loading=\"lazy\" role=\"img\"\/><\/figure><\/div>\n<\/div>\n<\/div>\n\n\n<div class=\"highlight\">\n                <div class=\"highlight__description\"><p>Dar\u00fcber hinaus sind an folgenden Terminen Veranstaltungen geplant, um diesen neuen Raum aufzuwerten:<\/p>\n<ul>\n<li><strong>Mittwoch, 13. Mai<\/strong> um 14 Uhr f\u00fcr einen Workshop \u00fcber die Herstellung von Ziegenk\u00e4se,<\/li>\n<li><strong>Mittwoch, 27. Mai<\/strong> um 14 Uhr zu einem Workshop \u00fcber die Fu\u00dfspuren, die Tiere hinterlassen.<\/li>\n<\/ul>\n<\/div>\n    <\/div>\n\n\n<h2 class=\"wp-block-heading\">Wir brauchen Sie! <\/h2>\n\n\n\n<p>F\u00fcr den reibungslosen Ablauf dieses Projekts ist Folgendes erforderlich <strong>Referentinnen und Referenten, deren Aufgabe es ist, zwischen der Nachbarschaft und dem Verein, der die Tiere betreut, zu vermitteln.<\/strong>. <\/p>\n\n\n\n<p>Diese Freiwilligen k\u00f6nnen mit dem Pr\u00e9 des cit\u00e9s Kontakt aufnehmen und von ihm kontaktiert werden, um sich vom Wohlergehen der Schafe zu \u00fcberzeugen. <\/p>\n\n\n\n<div class=\"wp-block-columns is-layout-flex wp-container-core-columns-is-layout-9d6595d7 wp-block-columns-is-layout-flex\">\n<div class=\"wp-block-column is-layout-flow wp-block-column-is-layout-flow\">\n<p>Wenn Sie eine\/r dieser Referent\/innen werden m\u00f6chten, wenden Sie sich an die Abteilung f\u00fcr Stadtpolitik oder Le Pr\u00e9 des cit\u00e9s unter <strong><a href=\"tel:0644965238\">06 44 96 52 38<\/a><\/strong>. Diese Nummer ist auch die Notfallnummer, die Sie kontaktieren sollten, wenn Sie ein Problem mit den Tieren auf der \u00d6ko-Weide feststellen.<\/p>\n<\/div>\n\n\n\n<div class=\"wp-block-column is-layout-flow wp-block-column-is-layout-flow\">\n<div class=\"wp-block-uagb-image aligncenter uagb-block-bbd77c2f wp-block-uagb-image--layout-default wp-block-uagb-image--effect-static wp-block-uagb-image--align-center\"><figure class=\"wp-block-uagb-image__figure\"><img decoding=\"async\" srcset=\"https:\/\/mairie-montataire.fr\/app\/uploads\/2026\/04\/2.urgence-1024x725.png ,https:\/\/mairie-montataire.fr\/app\/uploads\/2026\/04\/2.urgence.png 780w, https:\/\/mairie-montataire.fr\/app\/uploads\/2026\/04\/2.urgence.png 360w\" sizes=\"auto, (max-width: 480px) 150px\" src=\"https:\/\/mairie-montataire.fr\/app\/uploads\/2026\/04\/2.urgence-1024x725.png\" alt=\"\" class=\"uag-image-7862\" width=\"1024\" height=\"725\" title=\"2.Notfall\" loading=\"lazy\" role=\"img\"\/><\/figure><\/div>\n<\/div>\n<\/div>\n\n\n\n<p><\/p>","protected":false},"excerpt":{"rendered":"<p>La coul\u00e9e verte accueille de nouvelles t\u00eates depuis mi-avril&nbsp;: des brebis. Jusqu\u2019\u00e0 octobre prochain, trois brebis occupent un enclos am\u00e9nag\u00e9 pour elles dans lequel elles entretiennent naturellement le gazon. Libre aux habitant\u00b7e\u00b7s de venir leur rendre visite mais ne soyez pas surpris de leur petite taille, il s\u2019agit bien d\u2019adultes, appartenant \u00e0 la plus petite [&hellip;]<\/p>\n","protected":false},"author":2,"featured_media":7868,"comment_status":"closed","ping_status":"closed","sticky":false,"template":"","format":"standard","meta":{"_acf_changed":false,"_uag_custom_page_level_css":"","footnotes":""},"categories":[1],"tags":[],"class_list":["post-7859","post","type-post","status-publish","format-standard","has-post-thumbnail","hentry","category-information"],"acf":[],"uagb_featured_image_src":{"full":["https:\/\/mairie-montataire.fr\/app\/uploads\/2026\/04\/Actu_ecopaturage.jpg",450,335,false],"thumbnail":["https:\/\/mairie-montataire.fr\/app\/uploads\/2026\/04\/Actu_ecopaturage-150x150.jpg",150,150,true],"medium":["https:\/\/mairie-montataire.fr\/app\/uploads\/2026\/04\/Actu_ecopaturage-300x223.jpg",300,223,true],"medium_large":["https:\/\/mairie-montataire.fr\/app\/uploads\/2026\/04\/Actu_ecopaturage.jpg",450,335,false],"large":["https:\/\/mairie-montataire.fr\/app\/uploads\/2026\/04\/Actu_ecopaturage.jpg",450,335,false],"1536x1536":["https:\/\/mairie-montataire.fr\/app\/uploads\/2026\/04\/Actu_ecopaturage.jpg",450,335,false],"2048x2048":["https:\/\/mairie-montataire.fr\/app\/uploads\/2026\/04\/Actu_ecopaturage.jpg",450,335,false],"trp-custom-language-flag":["https:\/\/mairie-montataire.fr\/app\/uploads\/2026\/04\/Actu_ecopaturage-16x12.jpg",16,12,true],"gform-image-choice-sm":["https:\/\/mairie-montataire.fr\/app\/uploads\/2026\/04\/Actu_ecopaturage.jpg",300,223,false],"gform-image-choice-md":["https:\/\/mairie-montataire.fr\/app\/uploads\/2026\/04\/Actu_ecopaturage.jpg",400,298,false],"gform-image-choice-lg":["https:\/\/mairie-montataire.fr\/app\/uploads\/2026\/04\/Actu_ecopaturage.jpg",450,335,false]},"uagb_author_info":{"display_name":"Laure Pubert","author_link":"https:\/\/mairie-montataire.fr\/de\/actualites\/author\/l-pubert\/"},"uagb_comment_info":0,"uagb_excerpt":"La coul\u00e9e verte accueille de nouvelles t\u00eates depuis mi-avril&nbsp;: des brebis. Jusqu\u2019\u00e0 octobre prochain, trois brebis occupent un enclos am\u00e9nag\u00e9 pour elles dans lequel elles entretiennent naturellement le gazon. Libre aux habitant\u00b7e\u00b7s de venir leur rendre visite mais ne soyez pas surpris de leur petite taille, il s\u2019agit bien d\u2019adultes, appartenant \u00e0 la plus petite&hellip;","_links":{"self":[{"href":"https:\/\/mairie-montataire.fr\/de\/wp-json\/wp\/v2\/posts\/7859","targetHints":{"allow":["GET"]}}],"collection":[{"href":"https:\/\/mairie-montataire.fr\/de\/wp-json\/wp\/v2\/posts"}],"about":[{"href":"https:\/\/mairie-montataire.fr\/de\/wp-json\/wp\/v2\/types\/post"}],"author":[{"embeddable":true,"href":"https:\/\/mairie-montataire.fr\/de\/wp-json\/wp\/v2\/users\/2"}],"replies":[{"embeddable":true,"href":"https:\/\/mairie-montataire.fr\/de\/wp-json\/wp\/v2\/comments?post=7859"}],"version-history":[{"count":5,"href":"https:\/\/mairie-montataire.fr\/de\/wp-json\/wp\/v2\/posts\/7859\/revisions"}],"predecessor-version":[{"id":7874,"href":"https:\/\/mairie-montataire.fr\/de\/wp-json\/wp\/v2\/posts\/7859\/revisions\/7874"}],"wp:featuredmedia":[{"embeddable":true,"href":"https:\/\/mairie-montataire.fr\/de\/wp-json\/wp\/v2\/media\/7868"}],"wp:attachment":[{"href":"https:\/\/mairie-montataire.fr\/de\/wp-json\/wp\/v2\/media?parent=7859"}],"wp:term":[{"taxonomy":"category","embeddable":true,"href":"https:\/\/mairie-montataire.fr\/de\/wp-json\/wp\/v2\/categories?post=7859"},{"taxonomy":"post_tag","embeddable":true,"href":"https:\/\/mairie-montataire.fr\/de\/wp-json\/wp\/v2\/tags?post=7859"}],"curies":[{"name":"wp","href":"https:\/\/api.w.org\/{rel}","templated":true}]}}