{"id":7854,"date":"2026-04-24T08:40:34","date_gmt":"2026-04-24T08:40:34","guid":{"rendered":"https:\/\/mairie-montataire.fr\/?p=7854"},"modified":"2026-04-24T08:40:34","modified_gmt":"2026-04-24T08:40:34","slug":"deratisierungskampagne-in-der-stadt-montataire","status":"publish","type":"post","link":"https:\/\/mairie-montataire.fr\/de\/actualites\/campagne-de-deratisation-sur-la-ville-de-montataire\/","title":{"rendered":"Rattenbek\u00e4mpfungskampagne in der Stadt Montataire"},"content":{"rendered":"<p>Um den Nagetierbefall wirksam zu bek\u00e4mpfen, setzt die Stadt zwei <strong>Rattenbek\u00e4mpfungskampagnen<\/strong> j\u00e4hrlich <mark style=\"background-color:rgba(0, 0, 0, 0)\" class=\"has-inline-color has-secondary-800-color\"><strong>obligatorisch<\/strong><\/mark> unter st\u00e4ndiger Anordnung des B\u00fcrgermeisters. Ab dem Jahr 2026 werden sie jedes Jahr stattfinden: eine <strong>zwischen dem 15. April und dem 5. Mai<\/strong>, und die zweite <strong>zwischen dem 15. Oktober und dem 5. November<\/strong>. <\/p>\n\n\n\n<h2 class=\"wp-block-heading\">Wer ist betroffen? <\/h2>\n\n\n\n<p>Sie betreffen : <\/p>\n\n\n\n<ul class=\"wp-block-list\">\n<li style=\"font-style:normal;font-weight:400\">Juristische Personen, die Eigent\u00fcmer, Anspruchsberechtigte oder Verwalter von bebauten und unbebauten Grundst\u00fccken sind (insbesondere soziale Vermieter, Eigent\u00fcmergemeinschaften, Verm\u00f6gensverwalter, Leiter \u00f6ffentlicher und privater Einrichtungen).<\/li>\n\n\n\n<li style=\"font-style:normal;font-weight:400\">Betreiber von Abwasser- und Regenwassersystemen,<\/li>\n\n\n\n<li style=\"font-style:normal;font-weight:400\">Inhaber von Vertr\u00e4gen f\u00fcr die W\u00e4rmeversorgung und den Betrieb von W\u00e4rmenetzen, <\/li>\n\n\n\n<li style=\"font-style:normal;font-weight:400\">sowie alle Gesch\u00e4fte.<\/li>\n<\/ul>\n\n\n\n<p>Ausgeschlossen sind Einzelpersonen, die selbstnutzende Eigent\u00fcmer ihres Haupt- oder Zweitwohnsitzes sind. <\/p>\n\n\n\n<h2 class=\"wp-block-heading\">Was ist zu tun? <\/h2>\n\n\n\n<p>Die Betroffenen sind verpflichtet, den Zustand von L\u00fcftungs- oder Wasserabflussgittern zu \u00fcberpr\u00fcfen und alle nicht funktionierenden \u00d6ffnungen zu verschlie\u00dfen, die Nagetieren als Durchgang dienen und den Zugang zu Geb\u00e4uden oder Abwasserkan\u00e4len erm\u00f6glichen. <\/p>\n\n\n\n<p><strong>Jedes Jahr muss dem B\u00fcrgermeisteramt innerhalb eines Monats nach dem Behandlungszeitraum eine Bescheinigung \u00fcber die Rattenbek\u00e4mpfung vorgelegt werden. <\/strong><\/p>\n\n\n\n<div style=\"height:100px\" aria-hidden=\"true\" class=\"wp-block-spacer\"><\/div>\n\n\n<div class=\"highlight\">\n                <div class=\"highlight__description\"><p style=\"text-align: center;\"><a href=\"https:\/\/mairie-montataire.fr\/de\/app\/uploads\/2026\/04\/ARR-2026-N074-PERMANENT-deratisation.pdf\/\"><strong>Weitere Einzelheiten finden Sie im Erlass <\/strong><\/a><strong><a href=\"https:\/\/mairie-montataire.fr\/de\/app\/uploads\/2026\/04\/ARR-2026-N074-PERMANENT-deratisation.pdf\/\">permanent <\/a>des B\u00fcrgermeisters hier.<\/strong><\/p>\n<\/div>\n    <\/div>","protected":false},"excerpt":{"rendered":"<p>Pour lutter efficacement contre l&rsquo;infestation de rongeurs, la Ville d\u00e9ploie deux campagnes de d\u00e9ratisation annuelles obligatoires sous arr\u00eat\u00e9 permanent de Monsieur le Maire. \u00c0 compter de l&rsquo;ann\u00e9e 2026, elles auront lieu chaque ann\u00e9e : l&rsquo;une entre le 15 avril et le 5 mai, et la seconde entre le 15 octobre et le 5 novembre. Qui [&hellip;]<\/p>\n","protected":false},"author":2,"featured_media":7857,"comment_status":"closed","ping_status":"closed","sticky":false,"template":"","format":"standard","meta":{"_acf_changed":false,"_uag_custom_page_level_css":"","footnotes":""},"categories":[1],"tags":[],"class_list":["post-7854","post","type-post","status-publish","format-standard","has-post-thumbnail","hentry","category-information"],"acf":[],"uagb_featured_image_src":{"full":["https:\/\/mairie-montataire.fr\/app\/uploads\/2026\/04\/Actu_deratisation.jpg",450,335,false],"thumbnail":["https:\/\/mairie-montataire.fr\/app\/uploads\/2026\/04\/Actu_deratisation-150x150.jpg",150,150,true],"medium":["https:\/\/mairie-montataire.fr\/app\/uploads\/2026\/04\/Actu_deratisation-300x223.jpg",300,223,true],"medium_large":["https:\/\/mairie-montataire.fr\/app\/uploads\/2026\/04\/Actu_deratisation.jpg",450,335,false],"large":["https:\/\/mairie-montataire.fr\/app\/uploads\/2026\/04\/Actu_deratisation.jpg",450,335,false],"1536x1536":["https:\/\/mairie-montataire.fr\/app\/uploads\/2026\/04\/Actu_deratisation.jpg",450,335,false],"2048x2048":["https:\/\/mairie-montataire.fr\/app\/uploads\/2026\/04\/Actu_deratisation.jpg",450,335,false],"trp-custom-language-flag":["https:\/\/mairie-montataire.fr\/app\/uploads\/2026\/04\/Actu_deratisation-16x12.jpg",16,12,true],"gform-image-choice-sm":["https:\/\/mairie-montataire.fr\/app\/uploads\/2026\/04\/Actu_deratisation.jpg",300,223,false],"gform-image-choice-md":["https:\/\/mairie-montataire.fr\/app\/uploads\/2026\/04\/Actu_deratisation.jpg",400,298,false],"gform-image-choice-lg":["https:\/\/mairie-montataire.fr\/app\/uploads\/2026\/04\/Actu_deratisation.jpg",450,335,false]},"uagb_author_info":{"display_name":"Laure Pubert","author_link":"https:\/\/mairie-montataire.fr\/de\/actualites\/author\/l-pubert\/"},"uagb_comment_info":0,"uagb_excerpt":"Pour lutter efficacement contre l&rsquo;infestation de rongeurs, la Ville d\u00e9ploie deux campagnes de d\u00e9ratisation annuelles obligatoires sous arr\u00eat\u00e9 permanent de Monsieur le Maire. \u00c0 compter de l&rsquo;ann\u00e9e 2026, elles auront lieu chaque ann\u00e9e : l&rsquo;une entre le 15 avril et le 5 mai, et la seconde entre le 15 octobre et le 5 novembre. Qui&hellip;","_links":{"self":[{"href":"https:\/\/mairie-montataire.fr\/de\/wp-json\/wp\/v2\/posts\/7854","targetHints":{"allow":["GET"]}}],"collection":[{"href":"https:\/\/mairie-montataire.fr\/de\/wp-json\/wp\/v2\/posts"}],"about":[{"href":"https:\/\/mairie-montataire.fr\/de\/wp-json\/wp\/v2\/types\/post"}],"author":[{"embeddable":true,"href":"https:\/\/mairie-montataire.fr\/de\/wp-json\/wp\/v2\/users\/2"}],"replies":[{"embeddable":true,"href":"https:\/\/mairie-montataire.fr\/de\/wp-json\/wp\/v2\/comments?post=7854"}],"version-history":[{"count":3,"href":"https:\/\/mairie-montataire.fr\/de\/wp-json\/wp\/v2\/posts\/7854\/revisions"}],"predecessor-version":[{"id":7858,"href":"https:\/\/mairie-montataire.fr\/de\/wp-json\/wp\/v2\/posts\/7854\/revisions\/7858"}],"wp:featuredmedia":[{"embeddable":true,"href":"https:\/\/mairie-montataire.fr\/de\/wp-json\/wp\/v2\/media\/7857"}],"wp:attachment":[{"href":"https:\/\/mairie-montataire.fr\/de\/wp-json\/wp\/v2\/media?parent=7854"}],"wp:term":[{"taxonomy":"category","embeddable":true,"href":"https:\/\/mairie-montataire.fr\/de\/wp-json\/wp\/v2\/categories?post=7854"},{"taxonomy":"post_tag","embeddable":true,"href":"https:\/\/mairie-montataire.fr\/de\/wp-json\/wp\/v2\/tags?post=7854"}],"curies":[{"name":"wp","href":"https:\/\/api.w.org\/{rel}","templated":true}]}}