{"id":7802,"date":"2026-04-15T13:51:46","date_gmt":"2026-04-15T13:51:46","guid":{"rendered":"https:\/\/mairie-montataire.fr\/?p=7802"},"modified":"2026-04-15T13:51:46","modified_gmt":"2026-04-15T13:51:46","slug":"arbeitsehrenmedaille-bedingungen-und-vorgange","status":"publish","type":"post","link":"https:\/\/mairie-montataire.fr\/de\/actualites\/medaille-dhonneur-du-travail-conditions-et-demarches\/","title":{"rendered":"Ehrenmedaille f\u00fcr die Arbeit: Bedingungen und Verfahren"},"content":{"rendered":"<p>Die <strong>Arbeitsehrenmedaille<\/strong> ist eine offizielle Auszeichnung, mit der die Dienstjahre und die Qualit\u00e4t der beruflichen Laufbahn von Besch\u00e4ftigten des Privatsektors gew\u00fcrdigt werden.\u00a0<\/p>\n\n\n\n<p>Sie umfasst mehrere Stufen, die je nach Dienstalter vergeben werden:<\/p>\n\n\n\n<ul class=\"wp-block-list\">\n<li style=\"font-style:normal;font-weight:400\">Silber (20 Jahre)<\/li>\n\n\n\n<li style=\"font-style:normal;font-weight:400\">Vermeil (30 Jahre)<\/li>\n\n\n\n<li style=\"font-style:normal;font-weight:400\">Gold (35 Jahre)<\/li>\n\n\n\n<li style=\"font-style:normal;font-weight:400\">Gro\u00dfes Gold (40 Jahre)<\/li>\n<\/ul>\n\n\n\n<div style=\"height:24px\" aria-hidden=\"true\" class=\"wp-block-spacer\"><\/div>\n\n\n\n<p>Diese Zeiten k\u00f6nnen in bestimmten F\u00e4llen verk\u00fcrzt werden (anstrengende Laufbahn, Behinderung usw.).<\/p>\n\n\n\n<div style=\"height:100px\" aria-hidden=\"true\" class=\"wp-block-spacer\"><\/div>\n\n\n\n<div class=\"wp-block-uagb-call-to-action uagb-block-fca8f0c4 wp-block-button\"><div class=\"uagb-cta__wrap\"><h3 class=\"uagb-cta__title\">Alle Informationen, die Sie wissen sollten<\/h3><p class=\"uagb-cta__desc\">M\u00f6chten Sie wissen, unter welchen Bedingungen Sie die Medaille erhalten k\u00f6nnen oder ob Sie von Ihrem Arbeitgeber eine Gratifikation erhalten k\u00f6nnen?<\/p><\/div><div class=\"uagb-cta__buttons\"><a href=\"#\" class=\"uagb-cta__button-link-wrapper wp-block-button__link\" target=\"_self\" rel=\"noopener noreferrer\">Offizieller Steckbrief \u00fcber die Medaille <br>Ehrenzeichen der Arbeit<svg xmlns=\"https:\/\/www.w3.org\/2000\/svg\" viewbox=\"0 0 512 512\"><path d=\"M504.3 273.6l-112.1 104c-6.992 6.484-17.18 8.218-25.94 4.406c-8.758-3.812-14.42-12.45-14.42-21.1L351.9 288H32C14.33 288 .0002 273.7 .0002 255.1S14.33 224 32 224h319.9l0-72c0-9.547 5.66-18.19 14.42-22c8.754-3.809 18.95-2.075 25.94 4.41l112.1 104C514.6 247.9 514.6 264.1 504.3 273.6z\"><\/path><\/svg><\/a><\/div><\/div>\n\n\n\n<div style=\"height:100px\" aria-hidden=\"true\" class=\"wp-block-spacer\"><\/div>\n\n\n\n<div class=\"wp-block-uagb-call-to-action uagb-block-5746784e wp-block-button\"><div class=\"uagb-cta__wrap\"><h3 class=\"uagb-cta__title\">Stellen Sie Ihren Antrag online<\/h3><p class=\"uagb-cta__desc\">Erm\u00f6glicht es dem Arbeitnehmer oder ihrem Arbeitgeber, einen Antrag auf die Ehrenmedaille f\u00fcr Arbeit zu stellen. <em>Zugang \u00fcber FranceConnect.<\/em><\/p><\/div><div class=\"uagb-cta__buttons\"><a href=\"#\" class=\"uagb-cta__button-link-wrapper wp-block-button__link\" target=\"_self\" rel=\"noopener noreferrer\">Online-Antrag zum Erhalt<br> die Ehrenmedaille f\u00fcr Arbeit<svg xmlns=\"https:\/\/www.w3.org\/2000\/svg\" viewbox=\"0 0 512 512\"><path d=\"M504.3 273.6l-112.1 104c-6.992 6.484-17.18 8.218-25.94 4.406c-8.758-3.812-14.42-12.45-14.42-21.1L351.9 288H32C14.33 288 .0002 273.7 .0002 255.1S14.33 224 32 224h319.9l0-72c0-9.547 5.66-18.19 14.42-22c8.754-3.809 18.95-2.075 25.94 4.41l112.1 104C514.6 247.9 514.6 264.1 504.3 273.6z\"><\/path><\/svg><\/a><\/div><\/div>\n\n\n\n<p><\/p>","protected":false},"excerpt":{"rendered":"<p>Die Ehrenmedaille der Arbeit ist eine offizielle Auszeichnung f\u00fcr langj\u00e4hrige Dienste und die Qualit\u00e4t der beruflichen Laufbahn von Arbeitnehmern des Privatsektors.  Sie umfasst mehrere Stufen, die je nach Dienstalter verliehen werden: Diese Zeiten k\u00f6nnen in bestimmten F\u00e4llen (anstrengende Laufbahn, Behinderung usw.) verk\u00fcrzt werden.<\/p>","protected":false},"author":2,"featured_media":6286,"comment_status":"closed","ping_status":"closed","sticky":false,"template":"","format":"standard","meta":{"_acf_changed":false,"_uag_custom_page_level_css":"","footnotes":""},"categories":[1],"tags":[],"class_list":["post-7802","post","type-post","status-publish","format-standard","has-post-thumbnail","hentry","category-information"],"acf":[],"uagb_featured_image_src":{"full":["https:\/\/mairie-montataire.fr\/app\/uploads\/2025\/05\/Actu_Infos.jpg",450,335,false],"thumbnail":["https:\/\/mairie-montataire.fr\/app\/uploads\/2025\/05\/Actu_Infos-150x150.jpg",150,150,true],"medium":["https:\/\/mairie-montataire.fr\/app\/uploads\/2025\/05\/Actu_Infos-300x223.jpg",300,223,true],"medium_large":["https:\/\/mairie-montataire.fr\/app\/uploads\/2025\/05\/Actu_Infos.jpg",450,335,false],"large":["https:\/\/mairie-montataire.fr\/app\/uploads\/2025\/05\/Actu_Infos.jpg",450,335,false],"1536x1536":["https:\/\/mairie-montataire.fr\/app\/uploads\/2025\/05\/Actu_Infos.jpg",450,335,false],"2048x2048":["https:\/\/mairie-montataire.fr\/app\/uploads\/2025\/05\/Actu_Infos.jpg",450,335,false],"trp-custom-language-flag":["https:\/\/mairie-montataire.fr\/app\/uploads\/2025\/05\/Actu_Infos-16x12.jpg",16,12,true],"gform-image-choice-sm":["https:\/\/mairie-montataire.fr\/app\/uploads\/2025\/05\/Actu_Infos.jpg",300,223,false],"gform-image-choice-md":["https:\/\/mairie-montataire.fr\/app\/uploads\/2025\/05\/Actu_Infos.jpg",400,298,false],"gform-image-choice-lg":["https:\/\/mairie-montataire.fr\/app\/uploads\/2025\/05\/Actu_Infos.jpg",450,335,false]},"uagb_author_info":{"display_name":"Laure Pubert","author_link":"https:\/\/mairie-montataire.fr\/de\/actualites\/author\/l-pubert\/"},"uagb_comment_info":0,"uagb_excerpt":"La m\u00e9daille d\u2019honneur du travail est une distinction officielle qui r\u00e9compense l\u2019anciennet\u00e9 de services et la qualit\u00e9 du parcours professionnel des salari\u00e9s du secteur priv\u00e9.\u00a0 Elle comprend plusieurs niveaux, attribu\u00e9s selon l\u2019anciennet\u00e9 : Ces dur\u00e9es peuvent \u00eatre r\u00e9duites dans certains cas (carri\u00e8re p\u00e9nible, handicap, etc.).","_links":{"self":[{"href":"https:\/\/mairie-montataire.fr\/de\/wp-json\/wp\/v2\/posts\/7802","targetHints":{"allow":["GET"]}}],"collection":[{"href":"https:\/\/mairie-montataire.fr\/de\/wp-json\/wp\/v2\/posts"}],"about":[{"href":"https:\/\/mairie-montataire.fr\/de\/wp-json\/wp\/v2\/types\/post"}],"author":[{"embeddable":true,"href":"https:\/\/mairie-montataire.fr\/de\/wp-json\/wp\/v2\/users\/2"}],"replies":[{"embeddable":true,"href":"https:\/\/mairie-montataire.fr\/de\/wp-json\/wp\/v2\/comments?post=7802"}],"version-history":[{"count":3,"href":"https:\/\/mairie-montataire.fr\/de\/wp-json\/wp\/v2\/posts\/7802\/revisions"}],"predecessor-version":[{"id":7805,"href":"https:\/\/mairie-montataire.fr\/de\/wp-json\/wp\/v2\/posts\/7802\/revisions\/7805"}],"wp:featuredmedia":[{"embeddable":true,"href":"https:\/\/mairie-montataire.fr\/de\/wp-json\/wp\/v2\/media\/6286"}],"wp:attachment":[{"href":"https:\/\/mairie-montataire.fr\/de\/wp-json\/wp\/v2\/media?parent=7802"}],"wp:term":[{"taxonomy":"category","embeddable":true,"href":"https:\/\/mairie-montataire.fr\/de\/wp-json\/wp\/v2\/categories?post=7802"},{"taxonomy":"post_tag","embeddable":true,"href":"https:\/\/mairie-montataire.fr\/de\/wp-json\/wp\/v2\/tags?post=7802"}],"curies":[{"name":"wp","href":"https:\/\/api.w.org\/{rel}","templated":true}]}}