{"id":7786,"date":"2026-04-07T12:45:31","date_gmt":"2026-04-07T12:45:31","guid":{"rendered":"https:\/\/mairie-montataire.fr\/?p=7786"},"modified":"2026-04-27T14:03:36","modified_gmt":"2026-04-27T14:03:36","slug":"jecris-wettbewerb-mit-kreide","status":"publish","type":"post","link":"https:\/\/mairie-montataire.fr\/de\/actualites\/concours-jecris-a-la-craie\/","title":{"rendered":"Wettbewerb \u00abIch schreibe mit Kreide...\u00bb.\u00bb"},"content":{"rendered":"<p>Nehmen Sie am Wettbewerb teil\u00a0<strong><mark style=\"background-color:rgba(0, 0, 0, 0)\" class=\"has-inline-color has-secondary-500-color\">\u00ab Ich schreibe mit Kreide ... \u00bb.\u00bb<\/mark><\/strong>\u00a0und lassen Sie Ihrer Kreativit\u00e4t auf den Gehwegen von Montataire freien Lauf!\u00a0<strong>Mit Kreide<\/strong>, Schreiben Sie Ihr Lieblingszitat, einen poetischen Satz oder zeichnen Sie (f\u00fcr Kinder) ein verg\u00e4ngliches Kunstwerk, das unsere Stra\u00dfen versch\u00f6nern wird.<\/p>\n\n\n\n<p><strong><mark style=\"background-color:rgba(0, 0, 0, 0);color:#00d084\" class=\"has-inline-color\">Die Bibliotheken verleihen Kreiden, um Ihnen bei der Erstellung Ihrer Kreation zu helfen.<\/mark><\/strong><\/p>\n\n\n\n<ol class=\"wp-block-list\">\n<li style=\"font-style:normal;font-weight:400\">Fotografieren Sie Ihre Kreation, <\/li>\n\n\n\n<li style=\"font-style:normal;font-weight:400\">Drucken Sie sie aus (in der Bibliothek m\u00f6glich), <\/li>\n\n\n\n<li style=\"font-style:normal;font-weight:400\">Geben Sie sie in Bibliotheken ab <strong><mark style=\"background-color:rgba(0, 0, 0, 0);color:#cf2e2e\" class=\"has-inline-color\">vor dem 13. Juni 2026<\/mark><\/strong>,<\/li>\n\n\n\n<li style=\"font-style:normal;font-weight:400\">Versuchen Sie, die Ehre zu erlangen, dass Ihr Werk zum\u00a0<strong><mark style=\"background-color:rgba(0, 0, 0, 0);color:#ff6900\" class=\"has-inline-color\">neues Lesezeichen der Bibliotheken<\/mark><\/strong>\u00a0und\u00a0<mark style=\"background-color:rgba(0, 0, 0, 0);color:#0693e3\" class=\"has-inline-color\"><strong>Gutscheine an <a href=\"https:\/\/verbeetobjet.com\/\" target=\"_blank\" rel=\"noreferrer noopener\">die Buchhandlung \u00abLe Verbe \u00e0 l'Objet\" (Das Wort zum Objekt)<\/a>\u00a0\"<\/strong><\/mark>.<\/li>\n<\/ol>\n\n\n\n<div style=\"height:45px\" aria-hidden=\"true\" class=\"wp-block-spacer\"><\/div>\n\n\n\n<p>Offen f\u00fcr alle, ohne Altersbeschr\u00e4nkung!\u00a0<\/p>\n\n\n\n<div style=\"height:100px\" aria-hidden=\"true\" class=\"wp-block-spacer\"><\/div>\n\n\n\n<p class=\"has-text-align-center\"><em>Im Rahmen der F\u00eate du Livre 2026.<\/em><\/p>\n\n\n\n<div class=\"wp-block-uagb-image aligncenter uagb-block-654a2c4e wp-block-uagb-image--layout-default wp-block-uagb-image--effect-static wp-block-uagb-image--align-center\"><figure class=\"wp-block-uagb-image__figure\"><img decoding=\"async\" srcset=\"https:\/\/mairie-montataire.fr\/app\/uploads\/2026\/02\/Aff_ConcoursFDL_2026-1-724x1024.png ,https:\/\/mairie-montataire.fr\/app\/uploads\/2026\/02\/Aff_ConcoursFDL_2026-1-scaled.png 780w, https:\/\/mairie-montataire.fr\/app\/uploads\/2026\/02\/Aff_ConcoursFDL_2026-1-scaled.png 360w\" sizes=\"auto, (max-width: 480px) 150px\" src=\"https:\/\/mairie-montataire.fr\/app\/uploads\/2026\/02\/Aff_ConcoursFDL_2026-1-724x1024.png\" alt=\"\" class=\"uag-image-7784\" width=\"724\" height=\"1024\" title=\"Aff_WettbewerbFDL_2026\" loading=\"lazy\" role=\"img\"\/><\/figure><\/div>","protected":false},"excerpt":{"rendered":"<p>Participez au concours\u00a0\u00ab\u00a0J\u2019\u00e9cris \u00e0 la craie\u2026\u00a0\u00bb\u00a0et laissez libre cours \u00e0 votre cr\u00e9ativit\u00e9 sur les trottoirs de Montataire !\u00a0\u00c0 la craie, \u00e9crivez votre citation pr\u00e9f\u00e9r\u00e9e, une phrase po\u00e9tique, ou dessinez (pour les enfants) une \u0153uvre \u00e9ph\u00e9m\u00e8re qui embellira nos rues. Les biblioth\u00e8ques pr\u00eatent des craies\u00a0pour vous aider \u00e0 r\u00e9aliser votre cr\u00e9ation. Ouvert \u00e0 tous, sans limite [&hellip;]<\/p>\n","protected":false},"author":2,"featured_media":7788,"comment_status":"closed","ping_status":"closed","sticky":true,"template":"","format":"standard","meta":{"_acf_changed":false,"_uag_custom_page_level_css":"","footnotes":""},"categories":[30],"tags":[],"class_list":["post-7786","post","type-post","status-publish","format-standard","has-post-thumbnail","hentry","category-a-la-une"],"acf":[],"uagb_featured_image_src":{"full":["https:\/\/mairie-montataire.fr\/app\/uploads\/2026\/04\/Actu_ConcoursFDL.jpg",450,335,false],"thumbnail":["https:\/\/mairie-montataire.fr\/app\/uploads\/2026\/04\/Actu_ConcoursFDL-150x150.jpg",150,150,true],"medium":["https:\/\/mairie-montataire.fr\/app\/uploads\/2026\/04\/Actu_ConcoursFDL-300x223.jpg",300,223,true],"medium_large":["https:\/\/mairie-montataire.fr\/app\/uploads\/2026\/04\/Actu_ConcoursFDL.jpg",450,335,false],"large":["https:\/\/mairie-montataire.fr\/app\/uploads\/2026\/04\/Actu_ConcoursFDL.jpg",450,335,false],"1536x1536":["https:\/\/mairie-montataire.fr\/app\/uploads\/2026\/04\/Actu_ConcoursFDL.jpg",450,335,false],"2048x2048":["https:\/\/mairie-montataire.fr\/app\/uploads\/2026\/04\/Actu_ConcoursFDL.jpg",450,335,false],"trp-custom-language-flag":["https:\/\/mairie-montataire.fr\/app\/uploads\/2026\/04\/Actu_ConcoursFDL-16x12.jpg",16,12,true],"gform-image-choice-sm":["https:\/\/mairie-montataire.fr\/app\/uploads\/2026\/04\/Actu_ConcoursFDL.jpg",300,223,false],"gform-image-choice-md":["https:\/\/mairie-montataire.fr\/app\/uploads\/2026\/04\/Actu_ConcoursFDL.jpg",400,298,false],"gform-image-choice-lg":["https:\/\/mairie-montataire.fr\/app\/uploads\/2026\/04\/Actu_ConcoursFDL.jpg",450,335,false]},"uagb_author_info":{"display_name":"Laure Pubert","author_link":"https:\/\/mairie-montataire.fr\/de\/actualites\/author\/l-pubert\/"},"uagb_comment_info":0,"uagb_excerpt":"Participez au concours\u00a0\u00ab\u00a0J\u2019\u00e9cris \u00e0 la craie\u2026\u00a0\u00bb\u00a0et laissez libre cours \u00e0 votre cr\u00e9ativit\u00e9 sur les trottoirs de Montataire !\u00a0\u00c0 la craie, \u00e9crivez votre citation pr\u00e9f\u00e9r\u00e9e, une phrase po\u00e9tique, ou dessinez (pour les enfants) une \u0153uvre \u00e9ph\u00e9m\u00e8re qui embellira nos rues. Les biblioth\u00e8ques pr\u00eatent des craies\u00a0pour vous aider \u00e0 r\u00e9aliser votre cr\u00e9ation. Ouvert \u00e0 tous, sans limite&hellip;","_links":{"self":[{"href":"https:\/\/mairie-montataire.fr\/de\/wp-json\/wp\/v2\/posts\/7786","targetHints":{"allow":["GET"]}}],"collection":[{"href":"https:\/\/mairie-montataire.fr\/de\/wp-json\/wp\/v2\/posts"}],"about":[{"href":"https:\/\/mairie-montataire.fr\/de\/wp-json\/wp\/v2\/types\/post"}],"author":[{"embeddable":true,"href":"https:\/\/mairie-montataire.fr\/de\/wp-json\/wp\/v2\/users\/2"}],"replies":[{"embeddable":true,"href":"https:\/\/mairie-montataire.fr\/de\/wp-json\/wp\/v2\/comments?post=7786"}],"version-history":[{"count":2,"href":"https:\/\/mairie-montataire.fr\/de\/wp-json\/wp\/v2\/posts\/7786\/revisions"}],"predecessor-version":[{"id":7789,"href":"https:\/\/mairie-montataire.fr\/de\/wp-json\/wp\/v2\/posts\/7786\/revisions\/7789"}],"wp:featuredmedia":[{"embeddable":true,"href":"https:\/\/mairie-montataire.fr\/de\/wp-json\/wp\/v2\/media\/7788"}],"wp:attachment":[{"href":"https:\/\/mairie-montataire.fr\/de\/wp-json\/wp\/v2\/media?parent=7786"}],"wp:term":[{"taxonomy":"category","embeddable":true,"href":"https:\/\/mairie-montataire.fr\/de\/wp-json\/wp\/v2\/categories?post=7786"},{"taxonomy":"post_tag","embeddable":true,"href":"https:\/\/mairie-montataire.fr\/de\/wp-json\/wp\/v2\/tags?post=7786"}],"curies":[{"name":"wp","href":"https:\/\/api.w.org\/{rel}","templated":true}]}}