{"id":7746,"date":"2026-03-31T06:49:52","date_gmt":"2026-03-31T06:49:52","guid":{"rendered":"https:\/\/mairie-montataire.fr\/?p=7746"},"modified":"2026-04-03T09:52:38","modified_gmt":"2026-04-03T09:52:38","slug":"aufruf-zur-einreichung-von-bewerbungen-fur-vereine","status":"publish","type":"post","link":"https:\/\/mairie-montataire.fr\/de\/actualites\/appel-a-candidatures-destine-aux-associations\/","title":{"rendered":"Aufruf zur Einreichung von Bewerbungen f\u00fcr Vereine"},"content":{"rendered":"<h2 class=\"wp-block-heading\">Erneuerung des Verwaltungsrats des Centre Communal d'Action Sociale (Gemeindezentrum f\u00fcr soziale Aktion)<\/h2>\n\n\n\n<p>Das Centre Communal d'Action Sociale leitet eine allgemeine Aktion zur Pr\u00e4vention und sozialen Entwicklung in der Gemeinde, in enger Verbindung mit \u00f6ffentlichen und privaten Einrichtungen. Nach den Kommunalwahlen 2026 wird der Verwaltungsrat des Centre Communal d'Action Sociale de Montataire neu besetzt. In Anwendung der Artikel L.123-6, R.123-11 und R.123-12 des Code de l'Action Sociale et des Familles (Gesetzbuch f\u00fcr soziale Aktion und Familien), <strong>wird der B\u00fcrgermeister die Ernennung vornehmen:<\/strong><\/p>\n\n\n\n<ul class=\"wp-block-list\">\n<li style=\"font-style:normal;font-weight:600\">Einem Vertreter der Union D\u00e9partementale des Associations Familiales (Familienverband des Departements)<\/li>\n\n\n\n<li style=\"font-style:normal;font-weight:600\">Ein Vertreter der Vereinigungen, die im Bereich der Eingliederung und der Bek\u00e4mpfung von Ausgrenzung t\u00e4tig sind<\/li>\n\n\n\n<li style=\"font-style:normal;font-weight:600\">Ein Vertreter der Senioren- und Rentnerverb\u00e4nde<\/li>\n\n\n\n<li style=\"font-style:normal;font-weight:600\">Ein Vertreter der Behindertenverb\u00e4nde<\/li>\n<\/ul>\n\n\n\n<p>Im Verwaltungsrat des CCAS k\u00f6nnen die genannten Verb\u00e4nde Personen vorschlagen, die sie vertreten k\u00f6nnen, indem sie eine Liste mit mindestens drei Personen einreichen, es sei denn, dies ist nicht m\u00f6glich und wird ordnungsgem\u00e4\u00df begr\u00fcndet. Vereine mit demselben Zweck k\u00f6nnen eine gemeinsame Liste vorschlagen.<\/p>\n\n\n\n<p>Bewerbungen sind nur zul\u00e4ssig, wenn sie sich auf Personen beziehen:<br>ordnungsgem\u00e4\u00df von der Vereinigung bevollm\u00e4chtigt, sie zu vertreten, wobei die Vereinigung ihren Sitz in dem Departement haben muss ;<\/p>\n\n\n\n<p>Ma\u00dfnahmen zur Pr\u00e4vention, Animation oder sozialen Entwicklung in der Gemeinde durchf\u00fchren.<\/p>\n\n\n\n<p>Die nicht Lieferanten von G\u00fctern oder Dienstleistungen f\u00fcr das CCAS sind, keine Leistungsbeziehung zum CCAS unterhalten ;<\/p>\n\n\n\n<p>Die nicht Mitglied des Gemeinderats sind.<\/p>\n\n\n\n<p>Bewerbungen m\u00fcssen bis sp\u00e4testens 17. April 2026 an den B\u00fcrgermeister gerichtet oder am Empfang des Rathauses an folgender Adresse abgegeben werden: Mairie de Montataire, place Auguste G\u00e9nie 60 160 Montataire.<\/p>\n\n\n\n<div style=\"height:61px\" aria-hidden=\"true\" class=\"wp-block-spacer\"><\/div>\n\n\n\n<div class=\"wp-block-uagb-image uagb-block-8a86343c wp-block-uagb-image--layout-default wp-block-uagb-image--effect-static wp-block-uagb-image--align-none\"><figure class=\"wp-block-uagb-image__figure\"><img decoding=\"async\" srcset=\"https:\/\/mairie-montataire.fr\/app\/uploads\/2026\/04\/Avis-de-publication_Page_1-721x1024.jpg ,https:\/\/mairie-montataire.fr\/app\/uploads\/2026\/04\/Avis-de-publication_Page_1.jpg 780w, https:\/\/mairie-montataire.fr\/app\/uploads\/2026\/04\/Avis-de-publication_Page_1.jpg 360w\" sizes=\"auto, (max-width: 480px) 150px\" src=\"https:\/\/mairie-montataire.fr\/app\/uploads\/2026\/04\/Avis-de-publication_Page_1-721x1024.jpg\" alt=\"\" class=\"uag-image-7775\" width=\"721\" height=\"1024\" title=\"Bekanntmachung der Ver\u00f6ffentlichung_Seite_1\" loading=\"lazy\" role=\"img\"\/><\/figure><\/div>","protected":false},"excerpt":{"rendered":"<p>Renouvellement du Conseil d\u2019Administration du Centre Communal d\u2019Action Sociale Le Centre Communal d\u2019Action Sociale anime une action g\u00e9n\u00e9rale de pr\u00e9vention et de d\u00e9veloppement social dans la commune, en liaison \u00e9troite avec les institutions publiques et priv\u00e9es. A l\u2019issue des \u00e9lections municipales 2026, il est proc\u00e9d\u00e9 au renouvellement du Conseil d\u2019Administration du Centre Communal d\u2019Action Sociale [&hellip;]<\/p>\n","protected":false},"author":2,"featured_media":6286,"comment_status":"closed","ping_status":"closed","sticky":false,"template":"","format":"standard","meta":{"_acf_changed":false,"_uag_custom_page_level_css":"","footnotes":""},"categories":[1],"tags":[],"class_list":["post-7746","post","type-post","status-publish","format-standard","has-post-thumbnail","hentry","category-information"],"acf":[],"uagb_featured_image_src":{"full":["https:\/\/mairie-montataire.fr\/app\/uploads\/2025\/05\/Actu_Infos.jpg",450,335,false],"thumbnail":["https:\/\/mairie-montataire.fr\/app\/uploads\/2025\/05\/Actu_Infos-150x150.jpg",150,150,true],"medium":["https:\/\/mairie-montataire.fr\/app\/uploads\/2025\/05\/Actu_Infos-300x223.jpg",300,223,true],"medium_large":["https:\/\/mairie-montataire.fr\/app\/uploads\/2025\/05\/Actu_Infos.jpg",450,335,false],"large":["https:\/\/mairie-montataire.fr\/app\/uploads\/2025\/05\/Actu_Infos.jpg",450,335,false],"1536x1536":["https:\/\/mairie-montataire.fr\/app\/uploads\/2025\/05\/Actu_Infos.jpg",450,335,false],"2048x2048":["https:\/\/mairie-montataire.fr\/app\/uploads\/2025\/05\/Actu_Infos.jpg",450,335,false],"trp-custom-language-flag":["https:\/\/mairie-montataire.fr\/app\/uploads\/2025\/05\/Actu_Infos-16x12.jpg",16,12,true],"gform-image-choice-sm":["https:\/\/mairie-montataire.fr\/app\/uploads\/2025\/05\/Actu_Infos.jpg",300,223,false],"gform-image-choice-md":["https:\/\/mairie-montataire.fr\/app\/uploads\/2025\/05\/Actu_Infos.jpg",400,298,false],"gform-image-choice-lg":["https:\/\/mairie-montataire.fr\/app\/uploads\/2025\/05\/Actu_Infos.jpg",450,335,false]},"uagb_author_info":{"display_name":"Laure Pubert","author_link":"https:\/\/mairie-montataire.fr\/de\/actualites\/author\/l-pubert\/"},"uagb_comment_info":0,"uagb_excerpt":"Renouvellement du Conseil d\u2019Administration du Centre Communal d\u2019Action Sociale Le Centre Communal d\u2019Action Sociale anime une action g\u00e9n\u00e9rale de pr\u00e9vention et de d\u00e9veloppement social dans la commune, en liaison \u00e9troite avec les institutions publiques et priv\u00e9es. A l\u2019issue des \u00e9lections municipales 2026, il est proc\u00e9d\u00e9 au renouvellement du Conseil d\u2019Administration du Centre Communal d\u2019Action Sociale&hellip;","_links":{"self":[{"href":"https:\/\/mairie-montataire.fr\/de\/wp-json\/wp\/v2\/posts\/7746","targetHints":{"allow":["GET"]}}],"collection":[{"href":"https:\/\/mairie-montataire.fr\/de\/wp-json\/wp\/v2\/posts"}],"about":[{"href":"https:\/\/mairie-montataire.fr\/de\/wp-json\/wp\/v2\/types\/post"}],"author":[{"embeddable":true,"href":"https:\/\/mairie-montataire.fr\/de\/wp-json\/wp\/v2\/users\/2"}],"replies":[{"embeddable":true,"href":"https:\/\/mairie-montataire.fr\/de\/wp-json\/wp\/v2\/comments?post=7746"}],"version-history":[{"count":2,"href":"https:\/\/mairie-montataire.fr\/de\/wp-json\/wp\/v2\/posts\/7746\/revisions"}],"predecessor-version":[{"id":7776,"href":"https:\/\/mairie-montataire.fr\/de\/wp-json\/wp\/v2\/posts\/7746\/revisions\/7776"}],"wp:featuredmedia":[{"embeddable":true,"href":"https:\/\/mairie-montataire.fr\/de\/wp-json\/wp\/v2\/media\/6286"}],"wp:attachment":[{"href":"https:\/\/mairie-montataire.fr\/de\/wp-json\/wp\/v2\/media?parent=7746"}],"wp:term":[{"taxonomy":"category","embeddable":true,"href":"https:\/\/mairie-montataire.fr\/de\/wp-json\/wp\/v2\/categories?post=7746"},{"taxonomy":"post_tag","embeddable":true,"href":"https:\/\/mairie-montataire.fr\/de\/wp-json\/wp\/v2\/tags?post=7746"}],"curies":[{"name":"wp","href":"https:\/\/api.w.org\/{rel}","templated":true}]}}