{"id":7704,"date":"2026-03-19T14:39:30","date_gmt":"2026-03-19T14:39:30","guid":{"rendered":"https:\/\/mairie-montataire.fr\/?p=7704"},"modified":"2026-03-27T15:13:35","modified_gmt":"2026-03-27T15:13:35","slug":"eine-neue-bauphase-beginnt-in-martinets","status":"publish","type":"post","link":"https:\/\/mairie-montataire.fr\/de\/actualites\/une-nouvelle-phase-de-travaux-debute-aux-martinets\/","title":{"rendered":"Eine neue Bauphase beginnt in Les Martinets"},"content":{"rendered":"<p>Ab M\u00e4rz, <strong>Phase zwei des Stadterneuerungsprojekts ist eingeleitet.<\/strong><\/p>\n\n\n\n<p>Die Bauarbeiten entlang der Avenue Gabriel p\u00e9ri und bis zur Esplanade Fernand Tuil haben begonnen. Unterhalb der Esplanade wird ein Bereich f\u00fcr Kleinkinder entstehen. Die Fu\u00dfg\u00e4ngerverbindungen und die Treppen, die die Avenue Gabriel P\u00e9ri mit der Schule Jacques Decour verbinden, werden erneuert.<\/p>\n\n\n\n<p>Es wird ein neuer Weg angelegt, der den bisherigen zwischen der Avenue Gabriel P\u00e9ri und dem City Stadium ersetzt: mehr B\u00e4ume, ein leichterer Weg f\u00fcr Kinderwagen und Personen mit eingeschr\u00e4nkter Mobilit\u00e4t.<\/p>\n\n\n\n<p>Die Arbeiten werden in Abschnitten durchgef\u00fchrt. <strong>Der Verkehr wird nicht unterbrochen.<\/strong> Der Eingriff in die Parkpl\u00e4tze wird punktuell und schrittweise erfolgen. Die Beschilderung wird die Bewohner des Viertels schrittweise informieren.<\/p>\n\n\n\n<div style=\"height:50px\" aria-hidden=\"true\" class=\"wp-block-spacer\"><\/div>\n\n\n\n<div class=\"wp-block-uagb-call-to-action uagb-block-3cbc6f74 wp-block-button\"><div class=\"uagb-cta__wrap\"><h3 class=\"uagb-cta__title\">Parallel dazu werden die Beratungen \u00fcber die weitere Renovierung des Viertels fortgesetzt.<\/h3><p class=\"uagb-cta__desc\">Dazu gibt es zwei M\u00f6glichkeiten:<br><strong><mark style=\"background-color:rgba(0, 0, 0, 0)\" class=\"has-inline-color has-secondary-700-color\">\/\/<\/mark><\/strong> Den Fragebogen ausf\u00fcllen \u00ab\u00a0<strong>Ihre Meinung zu Avenue Gabriel P\u00e9ri<\/strong>\u00a0\u00bb, indem Sie auf die Schaltfl\u00e4che auf der rechten Seite klicken.<br><strong><mark style=\"background-color:rgba(0, 0, 0, 0)\" class=\"has-inline-color has-secondary-700-color\">\/\/<\/mark><\/strong> An der geplanten Konzertierungssitzung teilnehmen am <strong>20. Mai ab 16 Uhr zwischen 29 und 31 Avenue<br>Gabriel Peri<\/strong> !<\/p><\/div><div class=\"uagb-cta__buttons\"><a href=\"https:\/\/form.dragnsurvey.com\/survey\/r\/94d24713\" class=\"uagb-cta__button-link-wrapper wp-block-button__link\" target=\"_blank\" rel=\"noopener noreferrer\">Geben Sie Ihre Meinung ab <br>auf der Avenue Gabriel P\u00e9ri<svg xmlns=\"https:\/\/www.w3.org\/2000\/svg\" viewbox=\"0 0 512 512\"><path d=\"M504.3 273.6l-112.1 104c-6.992 6.484-17.18 8.218-25.94 4.406c-8.758-3.812-14.42-12.45-14.42-21.1L351.9 288H32C14.33 288 .0002 273.7 .0002 255.1S14.33 224 32 224h319.9l0-72c0-9.547 5.66-18.19 14.42-22c8.754-3.809 18.95-2.075 25.94 4.41l112.1 104C514.6 247.9 514.6 264.1 504.3 273.6z\"><\/path><\/svg><\/a><\/div><\/div>\n\n\n\n<div style=\"height:51px\" aria-hidden=\"true\" class=\"wp-block-spacer\"><\/div>\n\n\n\n<div class=\"wp-block-columns is-layout-flex wp-container-core-columns-is-layout-9d6595d7 wp-block-columns-is-layout-flex\">\n<div class=\"wp-block-column is-layout-flow wp-block-column-is-layout-flow\">\n<div class=\"wp-block-uagb-image uagb-block-52604e2f wp-block-uagb-image--layout-default wp-block-uagb-image--effect-static wp-block-uagb-image--align-none\"><figure class=\"wp-block-uagb-image__figure\"><img decoding=\"async\" srcset=\"https:\/\/mairie-montataire.fr\/app\/uploads\/2026\/03\/photo-cheminements-2.jpg ,https:\/\/mairie-montataire.fr\/app\/uploads\/2026\/03\/photo-cheminements-2.jpg 780w, https:\/\/mairie-montataire.fr\/app\/uploads\/2026\/03\/photo-cheminements-2.jpg 360w\" sizes=\"auto, (max-width: 480px) 150px\" src=\"https:\/\/mairie-montataire.fr\/app\/uploads\/2026\/03\/photo-cheminements-2.jpg\" alt=\"\" class=\"uag-image-7707\" width=\"623\" height=\"305\" title=\"foto pfadfinder 2\" loading=\"lazy\" role=\"img\"\/><\/figure><\/div>\n<\/div>\n\n\n\n<div class=\"wp-block-column is-layout-flow wp-block-column-is-layout-flow\">\n<div class=\"wp-block-uagb-image uagb-block-82def65d wp-block-uagb-image--layout-default wp-block-uagb-image--effect-static wp-block-uagb-image--align-none\"><figure class=\"wp-block-uagb-image__figure\"><img decoding=\"async\" srcset=\"https:\/\/mairie-montataire.fr\/app\/uploads\/2026\/03\/cheminement-PMR-23sept25.jpg ,https:\/\/mairie-montataire.fr\/app\/uploads\/2026\/03\/cheminement-PMR-23sept25.jpg 780w, https:\/\/mairie-montataire.fr\/app\/uploads\/2026\/03\/cheminement-PMR-23sept25.jpg 360w\" sizes=\"auto, (max-width: 480px) 150px\" src=\"https:\/\/mairie-montataire.fr\/app\/uploads\/2026\/03\/cheminement-PMR-23sept25.jpg\" alt=\"\" class=\"uag-image-7706\" width=\"623\" height=\"305\" title=\"PMR-Weg 23Sept25\" loading=\"lazy\" role=\"img\"\/><\/figure><\/div>\n<\/div>\n<\/div>\n\n\n\n<p class=\"has-text-align-center\"><em>Bildnachweis: \u00a9SLG Paysage<\/em><\/p>\n\n\n\n<div style=\"height:51px\" aria-hidden=\"true\" class=\"wp-block-spacer\"><\/div>\n\n\n\n<p><a href=\"https:\/\/mairie-montataire.fr\/de\/sich-informieren\/finanzen-projekte-der-stadt\/das-neue-nationale-programm-zur-stadterneuerung-npnru\/\">Den Zeitplan und das Programm des Projekts finden Sie auf der Seite \u00ab.\u00ab\u00a0<em>Das Neue Nationale Programm zur Stadterneuerung (NPNRU)<\/em>\u00ab\u00a0.<\/a><\/p>\n\n\n\n<p><\/p>","protected":false},"excerpt":{"rendered":"<p>\u00c0 partir du mois de mars, la phase deux du projet de renouvellement urbain est lanc\u00e9e. Les travaux le long de l\u2019avenue Gabriel p\u00e9ri et jusque l\u2019esplanade Fernand Tuil commencent. En contrebas de l\u2019esplanade, un espace d\u00e9di\u00e9 aux jeunes enfants verra le jour. Les liaisons pi\u00e9tonnes dont les escaliers reliant l\u2019avenue Gabriel P\u00e9ri \u00e0 l\u2019\u00e9cole [&hellip;]<\/p>\n","protected":false},"author":2,"featured_media":7712,"comment_status":"closed","ping_status":"closed","sticky":false,"template":"","format":"standard","meta":{"_acf_changed":false,"_uag_custom_page_level_css":"","footnotes":""},"categories":[1],"tags":[],"class_list":["post-7704","post","type-post","status-publish","format-standard","has-post-thumbnail","hentry","category-information"],"acf":[],"uagb_featured_image_src":{"full":["https:\/\/mairie-montataire.fr\/app\/uploads\/2026\/03\/Actu_Phase2PRUformulaire.jpg",450,335,false],"thumbnail":["https:\/\/mairie-montataire.fr\/app\/uploads\/2026\/03\/Actu_Phase2PRUformulaire-150x150.jpg",150,150,true],"medium":["https:\/\/mairie-montataire.fr\/app\/uploads\/2026\/03\/Actu_Phase2PRUformulaire-300x223.jpg",300,223,true],"medium_large":["https:\/\/mairie-montataire.fr\/app\/uploads\/2026\/03\/Actu_Phase2PRUformulaire.jpg",450,335,false],"large":["https:\/\/mairie-montataire.fr\/app\/uploads\/2026\/03\/Actu_Phase2PRUformulaire.jpg",450,335,false],"1536x1536":["https:\/\/mairie-montataire.fr\/app\/uploads\/2026\/03\/Actu_Phase2PRUformulaire.jpg",450,335,false],"2048x2048":["https:\/\/mairie-montataire.fr\/app\/uploads\/2026\/03\/Actu_Phase2PRUformulaire.jpg",450,335,false],"trp-custom-language-flag":["https:\/\/mairie-montataire.fr\/app\/uploads\/2026\/03\/Actu_Phase2PRUformulaire-16x12.jpg",16,12,true],"gform-image-choice-sm":["https:\/\/mairie-montataire.fr\/app\/uploads\/2026\/03\/Actu_Phase2PRUformulaire.jpg",300,223,false],"gform-image-choice-md":["https:\/\/mairie-montataire.fr\/app\/uploads\/2026\/03\/Actu_Phase2PRUformulaire.jpg",400,298,false],"gform-image-choice-lg":["https:\/\/mairie-montataire.fr\/app\/uploads\/2026\/03\/Actu_Phase2PRUformulaire.jpg",450,335,false]},"uagb_author_info":{"display_name":"Laure Pubert","author_link":"https:\/\/mairie-montataire.fr\/de\/actualites\/author\/l-pubert\/"},"uagb_comment_info":0,"uagb_excerpt":"\u00c0 partir du mois de mars, la phase deux du projet de renouvellement urbain est lanc\u00e9e. Les travaux le long de l\u2019avenue Gabriel p\u00e9ri et jusque l\u2019esplanade Fernand Tuil commencent. En contrebas de l\u2019esplanade, un espace d\u00e9di\u00e9 aux jeunes enfants verra le jour. Les liaisons pi\u00e9tonnes dont les escaliers reliant l\u2019avenue Gabriel P\u00e9ri \u00e0 l\u2019\u00e9cole&hellip;","_links":{"self":[{"href":"https:\/\/mairie-montataire.fr\/de\/wp-json\/wp\/v2\/posts\/7704","targetHints":{"allow":["GET"]}}],"collection":[{"href":"https:\/\/mairie-montataire.fr\/de\/wp-json\/wp\/v2\/posts"}],"about":[{"href":"https:\/\/mairie-montataire.fr\/de\/wp-json\/wp\/v2\/types\/post"}],"author":[{"embeddable":true,"href":"https:\/\/mairie-montataire.fr\/de\/wp-json\/wp\/v2\/users\/2"}],"replies":[{"embeddable":true,"href":"https:\/\/mairie-montataire.fr\/de\/wp-json\/wp\/v2\/comments?post=7704"}],"version-history":[{"count":5,"href":"https:\/\/mairie-montataire.fr\/de\/wp-json\/wp\/v2\/posts\/7704\/revisions"}],"predecessor-version":[{"id":7741,"href":"https:\/\/mairie-montataire.fr\/de\/wp-json\/wp\/v2\/posts\/7704\/revisions\/7741"}],"wp:featuredmedia":[{"embeddable":true,"href":"https:\/\/mairie-montataire.fr\/de\/wp-json\/wp\/v2\/media\/7712"}],"wp:attachment":[{"href":"https:\/\/mairie-montataire.fr\/de\/wp-json\/wp\/v2\/media?parent=7704"}],"wp:term":[{"taxonomy":"category","embeddable":true,"href":"https:\/\/mairie-montataire.fr\/de\/wp-json\/wp\/v2\/categories?post=7704"},{"taxonomy":"post_tag","embeddable":true,"href":"https:\/\/mairie-montataire.fr\/de\/wp-json\/wp\/v2\/tags?post=7704"}],"curies":[{"name":"wp","href":"https:\/\/api.w.org\/{rel}","templated":true}]}}