{"id":7691,"date":"2026-03-18T07:27:00","date_gmt":"2026-03-18T07:27:00","guid":{"rendered":"https:\/\/mairie-montataire.fr\/?p=7691"},"modified":"2026-03-17T15:07:53","modified_gmt":"2026-03-17T15:07:53","slug":"tage-der-wiederverwendung-in-den-mulldeponien-des-smdo","status":"publish","type":"post","link":"https:\/\/mairie-montataire.fr\/de\/actualites\/journees-du-reemploi-dans-les-dechetteries-du-smdo\/","title":{"rendered":"Tage der Wiederverwendung in den Abfallsammelstellen des SMDO"},"content":{"rendered":"<figure class=\"wp-block-image aligncenter size-large\"><img loading=\"lazy\" decoding=\"async\" width=\"1024\" height=\"538\" src=\"https:\/\/mairie-montataire.fr\/app\/uploads\/2026\/03\/652996062_1625185878587863_6837498557444561095_n-1024x538.jpg\" alt=\"\" class=\"wp-image-7692\" srcset=\"https:\/\/mairie-montataire.fr\/app\/uploads\/2026\/03\/652996062_1625185878587863_6837498557444561095_n-1024x538.jpg 1024w, https:\/\/mairie-montataire.fr\/app\/uploads\/2026\/03\/652996062_1625185878587863_6837498557444561095_n-300x157.jpg 300w, https:\/\/mairie-montataire.fr\/app\/uploads\/2026\/03\/652996062_1625185878587863_6837498557444561095_n-768x403.jpg 768w, https:\/\/mairie-montataire.fr\/app\/uploads\/2026\/03\/652996062_1625185878587863_6837498557444561095_n-1536x806.jpg 1536w, https:\/\/mairie-montataire.fr\/app\/uploads\/2026\/03\/652996062_1625185878587863_6837498557444561095_n-18x9.jpg 18w, https:\/\/mairie-montataire.fr\/app\/uploads\/2026\/03\/652996062_1625185878587863_6837498557444561095_n.jpg 2048w\" sizes=\"auto, (max-width: 1024px) 100vw, 1024px\" \/><\/figure>\n\n\n\n<h2 class=\"wp-block-heading\">Nicht mehr wegwerfen, sondern spenden!<\/h2>\n\n\n\n<p>Sie haben zu Hause gut erhaltene Gegenst\u00e4nde, die Sie nicht mehr benutzen? Sie k\u00f6nnen noch verwendet werden!<\/p>\n\n\n\n<p>Bei dieser Gelegenheit, speziell f\u00fcr die Veranstaltung anwesend.<\/p>\n\n\n\n<p>Anl\u00e4sslich der gro\u00dfen Sammlung des <a href=\"https:\/\/www.smdoise.fr\/\" target=\"_blank\" rel=\"noreferrer noopener\">SMDO<\/a>, Die Einwohner werden aufgefordert, ihren Besuch im Wertstoffhof zu nutzen, um Gegenst\u00e4nden, die sie eigentlich wegwerfen wollten, ein zweites Leben zu verleihen, indem sie sie in einem Recyclingbetrieb abgeben (Recyclerie du Pays Noyonnais, La Recyclerie de l'Agglom\u00e9ration de Compi\u00e8gne, Sud Oise Recyclerie und Anthurium).<\/p>\n\n\n\n<h3 class=\"wp-block-heading\">Abholtermine :<\/h3>\n\n\n\n<ul class=\"wp-block-list\">\n<li style=\"font-style:normal;font-weight:400\">Freitag, den 20. M\u00e4rz 2026 an der M\u00fclldeponie in Barbery<\/li>\n\n\n\n<li style=\"font-style:normal;font-weight:400\">Samstag, 28. M\u00e4rz 2026 an der M\u00fclldeponie in Attichy<\/li>\n\n\n\n<li style=\"font-style:normal;font-weight:400\">Samstag, den 18. April 2026 an der M\u00fclldeponie in Guiscard<\/li>\n\n\n\n<li style=\"font-style:normal;font-weight:400\">Freitag, den 24. April 2026 an der M\u00fclldeponie in Brenouille<\/li>\n\n\n\n<li style=\"font-style:normal;font-weight:400\">Dienstag, 28. April 2026 an der Merci\u00e8res-M\u00fclldeponie<\/li>\n\n\n\n<li style=\"font-style:normal;font-weight:400\">Freitag, 29. Mai 2026 an der M\u00fclldeponie in Creil<\/li>\n\n\n\n<li style=\"font-style:normal;font-weight:400\">Freitag, den 19. Juni 2026 am Wertstoffhof in Lamorlaye<\/li>\n\n\n\n<li style=\"font-style:normal;font-weight:400\">Samstag, 27. Juni 2026 an der M\u00fclldeponie in Attichy<\/li>\n\n\n\n<li style=\"font-style:normal;font-weight:400\">Samstag, den 4. Juli 2026 an der M\u00fclldeponie in Ecuvilly<\/li>\n\n\n\n<li style=\"font-style:normal;font-weight:400\">Samstag, den 19. September 2026 an der M\u00fclldeponie in Noyon<\/li>\n\n\n\n<li style=\"font-style:normal;font-weight:400\">Freitag, den 25. September 2026 an der M\u00fclldeponie in Plailly<\/li>\n\n\n\n<li style=\"font-style:normal;font-weight:400\">Samstag, 26. September 2026 an der M\u00fclldeponie in Attichy<\/li>\n\n\n\n<li style=\"font-style:normal;font-weight:400\">Samstag, den 17. Oktober 2026 an der M\u00fclldeponie in Attichy<\/li>\n<\/ul>\n\n\n<div class=\"highlight\">\n                <div class=\"highlight__description\"><p style=\"text-align: left;\">Indem Sie Ihre Gegenst\u00e4nde spenden :<\/p>\n<ul>\n<li style=\"text-align: left;\">reduzieren Sie den Abfall,<\/li>\n<li style=\"text-align: left;\">f\u00f6rdern Sie die Wiederverwendung,<\/li>\n<li style=\"text-align: left;\">Sie unterst\u00fctzen die berufliche Eingliederung von Personen, die sie wieder instand setzen.<\/li>\n<\/ul>\n<\/div>\n    <\/div>","protected":false},"excerpt":{"rendered":"<p>Ne jetez plus, donnez ! Vous avez chez vous des objets en bon \u00e9tat que vous n\u2019utilisez plus ? Ils peuvent encore servir ! \u00c0 cette occasion,, sp\u00e9cialement pr\u00e9sente pour l\u2019\u00e9v\u00e9nement. \u00c0 l\u2019occasion de de la grande collecte du SMDO, les habitants sont invit\u00e9s \u00e0 profiter de leur passage en d\u00e9chetterie pour offrir une seconde [&hellip;]<\/p>\n","protected":false},"author":2,"featured_media":7693,"comment_status":"closed","ping_status":"closed","sticky":false,"template":"","format":"standard","meta":{"_acf_changed":false,"_uag_custom_page_level_css":"","footnotes":""},"categories":[1],"tags":[],"class_list":["post-7691","post","type-post","status-publish","format-standard","has-post-thumbnail","hentry","category-information"],"acf":[],"uagb_featured_image_src":{"full":["https:\/\/mairie-montataire.fr\/app\/uploads\/2026\/03\/Actu_JourneesreemploiSMDO.jpg",450,335,false],"thumbnail":["https:\/\/mairie-montataire.fr\/app\/uploads\/2026\/03\/Actu_JourneesreemploiSMDO-150x150.jpg",150,150,true],"medium":["https:\/\/mairie-montataire.fr\/app\/uploads\/2026\/03\/Actu_JourneesreemploiSMDO-300x223.jpg",300,223,true],"medium_large":["https:\/\/mairie-montataire.fr\/app\/uploads\/2026\/03\/Actu_JourneesreemploiSMDO.jpg",450,335,false],"large":["https:\/\/mairie-montataire.fr\/app\/uploads\/2026\/03\/Actu_JourneesreemploiSMDO.jpg",450,335,false],"1536x1536":["https:\/\/mairie-montataire.fr\/app\/uploads\/2026\/03\/Actu_JourneesreemploiSMDO.jpg",450,335,false],"2048x2048":["https:\/\/mairie-montataire.fr\/app\/uploads\/2026\/03\/Actu_JourneesreemploiSMDO.jpg",450,335,false],"trp-custom-language-flag":["https:\/\/mairie-montataire.fr\/app\/uploads\/2026\/03\/Actu_JourneesreemploiSMDO-16x12.jpg",16,12,true],"gform-image-choice-sm":["https:\/\/mairie-montataire.fr\/app\/uploads\/2026\/03\/Actu_JourneesreemploiSMDO.jpg",300,223,false],"gform-image-choice-md":["https:\/\/mairie-montataire.fr\/app\/uploads\/2026\/03\/Actu_JourneesreemploiSMDO.jpg",400,298,false],"gform-image-choice-lg":["https:\/\/mairie-montataire.fr\/app\/uploads\/2026\/03\/Actu_JourneesreemploiSMDO.jpg",450,335,false]},"uagb_author_info":{"display_name":"Laure Pubert","author_link":"https:\/\/mairie-montataire.fr\/de\/actualites\/author\/l-pubert\/"},"uagb_comment_info":0,"uagb_excerpt":"Ne jetez plus, donnez ! Vous avez chez vous des objets en bon \u00e9tat que vous n\u2019utilisez plus ? Ils peuvent encore servir ! \u00c0 cette occasion,, sp\u00e9cialement pr\u00e9sente pour l\u2019\u00e9v\u00e9nement. \u00c0 l\u2019occasion de de la grande collecte du SMDO, les habitants sont invit\u00e9s \u00e0 profiter de leur passage en d\u00e9chetterie pour offrir une seconde&hellip;","_links":{"self":[{"href":"https:\/\/mairie-montataire.fr\/de\/wp-json\/wp\/v2\/posts\/7691","targetHints":{"allow":["GET"]}}],"collection":[{"href":"https:\/\/mairie-montataire.fr\/de\/wp-json\/wp\/v2\/posts"}],"about":[{"href":"https:\/\/mairie-montataire.fr\/de\/wp-json\/wp\/v2\/types\/post"}],"author":[{"embeddable":true,"href":"https:\/\/mairie-montataire.fr\/de\/wp-json\/wp\/v2\/users\/2"}],"replies":[{"embeddable":true,"href":"https:\/\/mairie-montataire.fr\/de\/wp-json\/wp\/v2\/comments?post=7691"}],"version-history":[{"count":3,"href":"https:\/\/mairie-montataire.fr\/de\/wp-json\/wp\/v2\/posts\/7691\/revisions"}],"predecessor-version":[{"id":7697,"href":"https:\/\/mairie-montataire.fr\/de\/wp-json\/wp\/v2\/posts\/7691\/revisions\/7697"}],"wp:featuredmedia":[{"embeddable":true,"href":"https:\/\/mairie-montataire.fr\/de\/wp-json\/wp\/v2\/media\/7693"}],"wp:attachment":[{"href":"https:\/\/mairie-montataire.fr\/de\/wp-json\/wp\/v2\/media?parent=7691"}],"wp:term":[{"taxonomy":"category","embeddable":true,"href":"https:\/\/mairie-montataire.fr\/de\/wp-json\/wp\/v2\/categories?post=7691"},{"taxonomy":"post_tag","embeddable":true,"href":"https:\/\/mairie-montataire.fr\/de\/wp-json\/wp\/v2\/tags?post=7691"}],"curies":[{"name":"wp","href":"https:\/\/api.w.org\/{rel}","templated":true}]}}