{"id":5452,"date":"2026-01-01T08:00:16","date_gmt":"2026-01-01T08:00:16","guid":{"rendered":"https:\/\/mairie-montataire.fr\/?p=5452"},"modified":"2026-04-24T08:09:04","modified_gmt":"2026-04-24T08:09:04","slug":"rathausinfo","status":"publish","type":"post","link":"https:\/\/mairie-montataire.fr\/de\/actualites\/mairie-info\/","title":{"rendered":"Rathaus-Info"},"content":{"rendered":"<p><strong>Auf dieser Seite finden Sie alle aktuellen Arbeiten in Montataire. <\/strong><\/p>\n\n\n\n<div class=\"wp-block-uagb-icon-list uagb-block-e6a6300b\"><div class=\"uagb-icon-list__wrap\">\n<div class=\"wp-block-uagb-icon-list-child uagb-block-7d0f34eb\"><a target=\"_blank\" aria-label=\"Regelung der Rattenbek\u00e4mpfung auf dem Gebiet der Stadt Montataire\" rel=\"noopener noreferrer\" href=\"https:\/\/mairie-montataire.fr\/de\/app\/uploads\/2026\/04\/ARR-2026-N074-PERMANENT-deratisation.pdf\/\"> <\/a><span class=\"uagb-icon-list__source-wrap\"><svg xmlns=\"https:\/\/www.w3.org\/2000\/svg\" viewbox=\"0 0 384 512\"><path d=\"M256 0v128h128L256 0zM224 128L224 0H48C21.49 0 0 21.49 0 48v416C0 490.5 21.49 512 48 512h288c26.51 0 48-21.49 48-48V160h-127.1C238.3 160 224 145.7 224 128zM272 416h-160C103.2 416 96 408.8 96 400C96 391.2 103.2 384 112 384h160c8.836 0 16 7.162 16 16C288 408.8 280.8 416 272 416zM272 352h-160C103.2 352 96 344.8 96 336C96 327.2 103.2 320 112 320h160c8.836 0 16 7.162 16 16C288 344.8 280.8 352 272 352zM288 272C288 280.8 280.8 288 272 288h-160C103.2 288 96 280.8 96 272C96 263.2 103.2 256 112 256h160C280.8 256 288 263.2 288 272z\"><\/path><\/svg><\/span><span class=\"uagb-icon-list__label\">Regelung der <strong>Rattenbek\u00e4mpfung<\/strong> auf dem Gebiet der Stadt Montataire<\/span><\/div>\n\n\n\n<div class=\"wp-block-uagb-icon-list-child uagb-block-542fd3e1\"><a target=\"_blank\" aria-label=\"An die Anwohner der Umgebung der All\u00e9e des Marronniers\" rel=\"noopener noreferrer\" href=\"https:\/\/mairie-montataire.fr\/de\/app\/uploads\/2025\/05\/mairie-info-Marronniers.pdf\/\"> <\/a><span class=\"uagb-icon-list__source-wrap\"><svg xmlns=\"https:\/\/www.w3.org\/2000\/svg\" viewbox=\"0 0 384 512\"><path d=\"M256 0v128h128L256 0zM224 128L224 0H48C21.49 0 0 21.49 0 48v416C0 490.5 21.49 512 48 512h288c26.51 0 48-21.49 48-48V160h-127.1C238.3 160 224 145.7 224 128zM272 416h-160C103.2 416 96 408.8 96 400C96 391.2 103.2 384 112 384h160c8.836 0 16 7.162 16 16C288 408.8 280.8 416 272 416zM272 352h-160C103.2 352 96 344.8 96 336C96 327.2 103.2 320 112 320h160c8.836 0 16 7.162 16 16C288 344.8 280.8 352 272 352zM288 272C288 280.8 280.8 288 272 288h-160C103.2 288 96 280.8 96 272C96 263.2 103.2 256 112 256h160C280.8 256 288 263.2 288 272z\"><\/path><\/svg><\/span><span class=\"uagb-icon-list__label\">An die Anwohner der Umgebung von <strong>die All\u00e9e des Marronniers<\/strong><\/span><\/div>\n\n\n\n<div class=\"wp-block-uagb-icon-list-child uagb-block-7060c629\"><a target=\"_blank\" aria-label=\"Aus Sicherheitsgr\u00fcnden ist die All\u00e9e des Marronniers gesperrt. Verkehrseinschr\u00e4nkungen der All\u00e9e des Marronniers vom 30. Januar 2025 bis auf weiteres\" rel=\"noopener noreferrer\" href=\"https:\/\/mairie-montataire.fr\/de\/app\/uploads\/2025\/01\/ARRETES-ALLEE-DES-MARONNIERS-RESTRICTION-CIRCULATION-31012025093645.pdf\/\"> <\/a><span class=\"uagb-icon-list__source-wrap\"><svg xmlns=\"https:\/\/www.w3.org\/2000\/svg\" viewbox=\"0 0 384 512\"><path d=\"M256 0v128h128L256 0zM224 128L224 0H48C21.49 0 0 21.49 0 48v416C0 490.5 21.49 512 48 512h288c26.51 0 48-21.49 48-48V160h-127.1C238.3 160 224 145.7 224 128zM272 416h-160C103.2 416 96 408.8 96 400C96 391.2 103.2 384 112 384h160c8.836 0 16 7.162 16 16C288 408.8 280.8 416 272 416zM272 352h-160C103.2 352 96 344.8 96 336C96 327.2 103.2 320 112 320h160c8.836 0 16 7.162 16 16C288 344.8 280.8 352 272 352zM288 272C288 280.8 280.8 288 272 288h-160C103.2 288 96 280.8 96 272C96 263.2 103.2 256 112 256h160C280.8 256 288 263.2 288 272z\"><\/path><\/svg><\/span><span class=\"uagb-icon-list__label\">Aus Sicherheitsgr\u00fcnden, <strong>die All\u00e9e des Marronniers ist gesperrt<\/strong>. Verkehrseinschr\u00e4nkungen der All\u00e9e des Marronniers <strong>vom 30. Januar 2025 bis auf weiteres<\/strong><\/span><\/div>\n<\/div><\/div>\n\n\n\n<p><\/p>","protected":false},"excerpt":{"rendered":"<p>Auf dieser Seite finden Sie alle aktuellen Arbeiten in Montataire.<\/p>","protected":false},"author":2,"featured_media":5445,"comment_status":"closed","ping_status":"closed","sticky":true,"template":"","format":"standard","meta":{"_acf_changed":false,"_uag_custom_page_level_css":"","footnotes":""},"categories":[1],"tags":[],"class_list":["post-5452","post","type-post","status-publish","format-standard","has-post-thumbnail","hentry","category-information"],"acf":[],"uagb_featured_image_src":{"full":["https:\/\/mairie-montataire.fr\/app\/uploads\/2024\/12\/Actu_TravauxMairieInfo.jpg",450,335,false],"thumbnail":["https:\/\/mairie-montataire.fr\/app\/uploads\/2024\/12\/Actu_TravauxMairieInfo-150x150.jpg",150,150,true],"medium":["https:\/\/mairie-montataire.fr\/app\/uploads\/2024\/12\/Actu_TravauxMairieInfo-300x223.jpg",300,223,true],"medium_large":["https:\/\/mairie-montataire.fr\/app\/uploads\/2024\/12\/Actu_TravauxMairieInfo.jpg",450,335,false],"large":["https:\/\/mairie-montataire.fr\/app\/uploads\/2024\/12\/Actu_TravauxMairieInfo.jpg",450,335,false],"1536x1536":["https:\/\/mairie-montataire.fr\/app\/uploads\/2024\/12\/Actu_TravauxMairieInfo.jpg",450,335,false],"2048x2048":["https:\/\/mairie-montataire.fr\/app\/uploads\/2024\/12\/Actu_TravauxMairieInfo.jpg",450,335,false],"trp-custom-language-flag":["https:\/\/mairie-montataire.fr\/app\/uploads\/2024\/12\/Actu_TravauxMairieInfo-16x12.jpg",16,12,true],"gform-image-choice-sm":["https:\/\/mairie-montataire.fr\/app\/uploads\/2024\/12\/Actu_TravauxMairieInfo-300x300.jpg",300,300,true],"gform-image-choice-md":["https:\/\/mairie-montataire.fr\/app\/uploads\/2024\/12\/Actu_TravauxMairieInfo-400x335.jpg",400,335,true],"gform-image-choice-lg":["https:\/\/mairie-montataire.fr\/app\/uploads\/2024\/12\/Actu_TravauxMairieInfo.jpg",450,335,false]},"uagb_author_info":{"display_name":"Laure Pubert","author_link":"https:\/\/mairie-montataire.fr\/de\/actualites\/author\/l-pubert\/"},"uagb_comment_info":0,"uagb_excerpt":"Retrouvez sur cette page tous les travaux en cours dans Montataire.","_links":{"self":[{"href":"https:\/\/mairie-montataire.fr\/de\/wp-json\/wp\/v2\/posts\/5452","targetHints":{"allow":["GET"]}}],"collection":[{"href":"https:\/\/mairie-montataire.fr\/de\/wp-json\/wp\/v2\/posts"}],"about":[{"href":"https:\/\/mairie-montataire.fr\/de\/wp-json\/wp\/v2\/types\/post"}],"author":[{"embeddable":true,"href":"https:\/\/mairie-montataire.fr\/de\/wp-json\/wp\/v2\/users\/2"}],"replies":[{"embeddable":true,"href":"https:\/\/mairie-montataire.fr\/de\/wp-json\/wp\/v2\/comments?post=5452"}],"version-history":[{"count":27,"href":"https:\/\/mairie-montataire.fr\/de\/wp-json\/wp\/v2\/posts\/5452\/revisions"}],"predecessor-version":[{"id":7852,"href":"https:\/\/mairie-montataire.fr\/de\/wp-json\/wp\/v2\/posts\/5452\/revisions\/7852"}],"wp:featuredmedia":[{"embeddable":true,"href":"https:\/\/mairie-montataire.fr\/de\/wp-json\/wp\/v2\/media\/5445"}],"wp:attachment":[{"href":"https:\/\/mairie-montataire.fr\/de\/wp-json\/wp\/v2\/media?parent=5452"}],"wp:term":[{"taxonomy":"category","embeddable":true,"href":"https:\/\/mairie-montataire.fr\/de\/wp-json\/wp\/v2\/categories?post=5452"},{"taxonomy":"post_tag","embeddable":true,"href":"https:\/\/mairie-montataire.fr\/de\/wp-json\/wp\/v2\/tags?post=5452"}],"curies":[{"name":"wp","href":"https:\/\/api.w.org\/{rel}","templated":true}]}}