{"id":7854,"date":"2026-04-24T08:40:34","date_gmt":"2026-04-24T08:40:34","guid":{"rendered":"https:\/\/mairie-montataire.fr\/?p=7854"},"modified":"2026-04-24T08:40:34","modified_gmt":"2026-04-24T08:40:34","slug":"%d8%ad%d9%85%d9%84%d8%a9-%d9%86%d8%b2%d8%b9-%d8%a7%d9%84%d8%b3%d9%84%d8%a7%d8%ad-%d9%81%d9%8a-%d9%85%d9%88%d9%86%d8%aa%d8%a7%d8%aa%d9%8a%d8%b1","status":"publish","type":"post","link":"https:\/\/mairie-montataire.fr\/ar\/actualites\/campagne-de-deratisation-sur-la-ville-de-montataire\/","title":{"rendered":"\u062d\u0645\u0644\u0629 \u0625\u0628\u0627\u062f\u0629 \u0627\u0644\u0641\u0626\u0631\u0627\u0646 \u0641\u064a \u0645\u0648\u0646\u062a\u0627\u062a\u064a\u0631"},"content":{"rendered":"<p>\u0648\u0644\u0645\u0643\u0627\u0641\u062d\u0629 \u062a\u0641\u0634\u064a \u0627\u0644\u0642\u0648\u0627\u0631\u0636 \u0628\u0634\u0643\u0644 \u0641\u0639\u0627\u0644\u060c \u062a\u0642\u0648\u0645 \u0627\u0644\u0645\u062f\u064a\u0646\u0629 \u0628\u062a\u0637\u0628\u064a\u0642 \u0625\u062c\u0631\u0627\u0621\u064a\u0646 <strong>\u062d\u0645\u0644\u0627\u062a \u0645\u0643\u0627\u0641\u062d\u0629 \u0627\u0644\u0622\u0641\u0627\u062a<\/strong> \u0633\u0646\u0648\u064a\u064b\u0627 <mark style=\"background-color:rgba(0, 0, 0, 0)\" class=\"has-inline-color has-secondary-800-color\"><strong>\u0625\u0644\u0632\u0627\u0645\u064a<\/strong><\/mark> \u0628\u0645\u0648\u062c\u0628 \u0623\u0645\u0631 \u062f\u0627\u0626\u0645 \u0645\u0646 \u0627\u0644\u0639\u0645\u062f\u0629. \u0648\u0627\u0639\u062a\u0628\u0627\u0631\u064b\u0627 \u0645\u0646 \u0639\u0627\u0645 2026 \u0641\u0635\u0627\u0639\u062f\u064b\u0627\u060c \u0633\u062a\u064f\u0639\u0642\u062f \u0643\u0644 \u0639\u0627\u0645: \u0648\u0627\u062d\u062f\u0629 <strong>\u0628\u064a\u0646 15 \u0623\u0628\u0631\u064a\u0644\/\u0646\u064a\u0633\u0627\u0646 \u06485 \u0645\u0627\u064a\u0648\/\u0623\u064a\u0627\u0631<\/strong>, \u0648\u0627\u0644\u062b\u0627\u0646\u064a\u0629 <strong>\u0628\u064a\u0646 15 \u0623\u0643\u062a\u0648\u0628\u0631 \u06485 \u0646\u0648\u0641\u0645\u0628\u0631<\/strong>. <\/p>\n\n\n\n<h2 class=\"wp-block-heading\">\u0645\u0646 \u0627\u0644\u0645\u062a\u0636\u0631\u0631\u061f <\/h2>\n\n\n\n<p>\u0648\u0647\u064a \u062a\u062a\u0639\u0644\u0642 \u0628\u0645\u0627 \u064a\u0644\u064a : <\/p>\n\n\n\n<ul class=\"wp-block-list\">\n<li style=\"font-style:normal;font-weight:400\">\u0627\u0644\u0643\u064a\u0627\u0646\u0627\u062a \u0627\u0644\u0642\u0627\u0646\u0648\u0646\u064a\u0629 \u0627\u0644\u062a\u064a \u062a\u0645\u062a\u0644\u0643 \u0623\u0648 \u064a\u062d\u0642 \u0644\u0647\u0627 \u0623\u0648 \u062a\u062f\u064a\u0631 \u0627\u0644\u0623\u0631\u0627\u0636\u064a \u0627\u0644\u0645\u0628\u0646\u064a\u0629 \u0648\u063a\u064a\u0631 \u0627\u0644\u0645\u0628\u0646\u064a\u0629 (\u062e\u0627\u0635\u0629\u064b \u0627\u0644\u0645\u0644\u0627\u0643 \u0627\u0644\u0627\u062c\u062a\u0645\u0627\u0639\u064a\u064a\u0646 \u0648\u0627\u0644\u0645\u0644\u0627\u0643 \u0627\u0644\u0645\u0634\u062a\u0631\u0643\u064a\u0646 \u0648\u0645\u062f\u064a\u0631\u064a \u0627\u0644\u0639\u0642\u0627\u0631\u0627\u062a \u0648\u0631\u0624\u0633\u0627\u0621 \u0627\u0644\u0645\u0624\u0633\u0633\u0627\u062a \u0627\u0644\u0639\u0627\u0645\u0629 \u0648\u0627\u0644\u062e\u0627\u0635\u0629).<\/li>\n\n\n\n<li style=\"font-style:normal;font-weight:400\">\u0645\u062f\u064a\u0631\u0648 \u0634\u0628\u0643\u0627\u062a \u0645\u064a\u0627\u0647 \u0627\u0644\u0635\u0631\u0641 \u0627\u0644\u0635\u062d\u064a \u0648\u0645\u064a\u0627\u0647 \u0627\u0644\u0623\u0645\u0637\u0627\u0631,<\/li>\n\n\n\n<li style=\"font-style:normal;font-weight:400\">\u0623\u0635\u062d\u0627\u0628 \u0639\u0642\u0648\u062f \u062a\u0634\u063a\u064a\u0644 \u0634\u0628\u0643\u0629 \u0627\u0644\u062a\u062f\u0641\u0626\u0629 \u0648\u0627\u0644\u062a\u062f\u0641\u0626\u0629 \u0648\u0627\u0644\u062a\u062f\u0641\u0626\u0629, <\/li>\n\n\n\n<li style=\"font-style:normal;font-weight:400\">\u0648\u0643\u0630\u0644\u0643 \u062c\u0645\u064a\u0639 \u0627\u0644\u0645\u062a\u0627\u062c\u0631.<\/li>\n<\/ul>\n\n\n\n<p>\u0644\u0627 \u064a\u0646\u0637\u0628\u0642 \u0630\u0644\u0643 \u0639\u0644\u0649 \u0627\u0644\u0623\u0641\u0631\u0627\u062f \u0627\u0644\u0630\u064a\u0646 \u064a\u0634\u063a\u0644\u0648\u0646 \u0645\u0633\u0643\u0646\u0647\u0645 \u0627\u0644\u0623\u0633\u0627\u0633\u064a \u0623\u0648 \u0627\u0644\u062b\u0627\u0646\u0648\u064a. <\/p>\n\n\n\n<h2 class=\"wp-block-heading\">\u0645\u0627\u0630\u0627 \u0639\u0644\u064a\u0646\u0627 \u0623\u0646 \u0646\u0641\u0639\u0644\u061f <\/h2>\n\n\n\n<p>\u064a\u064f\u0637\u0644\u0628 \u0645\u0646 \u0627\u0644\u0623\u0634\u062e\u0627\u0635 \u0627\u0644\u0645\u0639\u0646\u064a\u064a\u0646 \u0627\u0644\u062a\u062d\u0642\u0642 \u0645\u0646 \u062d\u0627\u0644\u0629 \u0634\u0628\u0643\u0627\u062a \u0627\u0644\u062a\u0647\u0648\u064a\u0629 \u0623\u0648 \u0627\u0644\u0635\u0631\u0641 \u0627\u0644\u0635\u062d\u064a\u060c \u0648\u0633\u062f \u062c\u0645\u064a\u0639 \u0627\u0644\u0641\u062a\u062d\u0627\u062a \u063a\u064a\u0631 \u0627\u0644\u0648\u0638\u064a\u0641\u064a\u0629 \u0627\u0644\u062a\u064a \u062a\u0633\u062a\u062e\u062f\u0645\u0647\u0627 \u0627\u0644\u0642\u0648\u0627\u0631\u0636 \u0644\u0644\u0648\u0635\u0648\u0644 \u0625\u0644\u0649 \u0627\u0644\u0645\u0628\u0627\u0646\u064a \u0623\u0648 \u0627\u0644\u0645\u062c\u0627\u0631\u064a. <\/p>\n\n\n\n<p><strong>\u0641\u064a \u0643\u0644 \u0639\u0627\u0645\u060c \u064a\u062c\u0628 \u062a\u0642\u062f\u064a\u0645 \u0634\u0647\u0627\u062f\u0629 \u0627\u0644\u0627\u0633\u062a\u0628\u0639\u0627\u062f \u0625\u0644\u0649 \u062f\u0627\u0631 \u0627\u0644\u0628\u0644\u062f\u064a\u0629 \u0641\u064a \u063a\u0636\u0648\u0646 \u0634\u0647\u0631 \u0648\u0627\u062d\u062f \u0645\u0646 \u0641\u062a\u0631\u0629 \u0627\u0644\u0639\u0644\u0627\u062c. <\/strong><\/p>\n\n\n\n<div style=\"height:100px\" aria-hidden=\"true\" class=\"wp-block-spacer\"><\/div>\n\n\n<div class=\"highlight\">\n                <div class=\"highlight__description\"><p style=\"text-align: center;\"><a href=\"https:\/\/mairie-montataire.fr\/ar\/app\/uploads\/2026\/04\/ARR-2026-N074-PERMANENT-deratisation.pdf\/\"><strong>\u0644\u0645\u0632\u064a\u062f \u0645\u0646 \u0627\u0644\u062a\u0641\u0627\u0635\u064a\u0644\u060c \u0631\u0627\u062c\u0639 \u0627\u0644\u0645\u0631\u0633\u0648\u0645 <\/strong><\/a><strong><a href=\"https:\/\/mairie-montataire.fr\/ar\/app\/uploads\/2026\/04\/ARR-2026-N074-PERMANENT-deratisation.pdf\/\">\u062f\u0627\u0626\u0645 <\/a>\u0645\u0646 \u0627\u0644\u0639\u0645\u062f\u0629 \u0647\u0646\u0627.<\/strong><\/p>\n<\/div>\n    <\/div>","protected":false},"excerpt":{"rendered":"<p>Pour lutter efficacement contre l&rsquo;infestation de rongeurs, la Ville d\u00e9ploie deux campagnes de d\u00e9ratisation annuelles obligatoires sous arr\u00eat\u00e9 permanent de Monsieur le Maire. \u00c0 compter de l&rsquo;ann\u00e9e 2026, elles auront lieu chaque ann\u00e9e : l&rsquo;une entre le 15 avril et le 5 mai, et la seconde entre le 15 octobre et le 5 novembre. Qui [&hellip;]<\/p>\n","protected":false},"author":2,"featured_media":7857,"comment_status":"closed","ping_status":"closed","sticky":false,"template":"","format":"standard","meta":{"_acf_changed":false,"_uag_custom_page_level_css":"","footnotes":""},"categories":[1],"tags":[],"class_list":["post-7854","post","type-post","status-publish","format-standard","has-post-thumbnail","hentry","category-information"],"acf":[],"uagb_featured_image_src":{"full":["https:\/\/mairie-montataire.fr\/app\/uploads\/2026\/04\/Actu_deratisation.jpg",450,335,false],"thumbnail":["https:\/\/mairie-montataire.fr\/app\/uploads\/2026\/04\/Actu_deratisation-150x150.jpg",150,150,true],"medium":["https:\/\/mairie-montataire.fr\/app\/uploads\/2026\/04\/Actu_deratisation-300x223.jpg",300,223,true],"medium_large":["https:\/\/mairie-montataire.fr\/app\/uploads\/2026\/04\/Actu_deratisation.jpg",450,335,false],"large":["https:\/\/mairie-montataire.fr\/app\/uploads\/2026\/04\/Actu_deratisation.jpg",450,335,false],"1536x1536":["https:\/\/mairie-montataire.fr\/app\/uploads\/2026\/04\/Actu_deratisation.jpg",450,335,false],"2048x2048":["https:\/\/mairie-montataire.fr\/app\/uploads\/2026\/04\/Actu_deratisation.jpg",450,335,false],"trp-custom-language-flag":["https:\/\/mairie-montataire.fr\/app\/uploads\/2026\/04\/Actu_deratisation-16x12.jpg",16,12,true],"gform-image-choice-sm":["https:\/\/mairie-montataire.fr\/app\/uploads\/2026\/04\/Actu_deratisation.jpg",300,223,false],"gform-image-choice-md":["https:\/\/mairie-montataire.fr\/app\/uploads\/2026\/04\/Actu_deratisation.jpg",400,298,false],"gform-image-choice-lg":["https:\/\/mairie-montataire.fr\/app\/uploads\/2026\/04\/Actu_deratisation.jpg",450,335,false]},"uagb_author_info":{"display_name":"Laure Pubert","author_link":"https:\/\/mairie-montataire.fr\/ar\/actualites\/author\/l-pubert\/"},"uagb_comment_info":0,"uagb_excerpt":"Pour lutter efficacement contre l&rsquo;infestation de rongeurs, la Ville d\u00e9ploie deux campagnes de d\u00e9ratisation annuelles obligatoires sous arr\u00eat\u00e9 permanent de Monsieur le Maire. \u00c0 compter de l&rsquo;ann\u00e9e 2026, elles auront lieu chaque ann\u00e9e : l&rsquo;une entre le 15 avril et le 5 mai, et la seconde entre le 15 octobre et le 5 novembre. Qui&hellip;","_links":{"self":[{"href":"https:\/\/mairie-montataire.fr\/ar\/wp-json\/wp\/v2\/posts\/7854","targetHints":{"allow":["GET"]}}],"collection":[{"href":"https:\/\/mairie-montataire.fr\/ar\/wp-json\/wp\/v2\/posts"}],"about":[{"href":"https:\/\/mairie-montataire.fr\/ar\/wp-json\/wp\/v2\/types\/post"}],"author":[{"embeddable":true,"href":"https:\/\/mairie-montataire.fr\/ar\/wp-json\/wp\/v2\/users\/2"}],"replies":[{"embeddable":true,"href":"https:\/\/mairie-montataire.fr\/ar\/wp-json\/wp\/v2\/comments?post=7854"}],"version-history":[{"count":3,"href":"https:\/\/mairie-montataire.fr\/ar\/wp-json\/wp\/v2\/posts\/7854\/revisions"}],"predecessor-version":[{"id":7858,"href":"https:\/\/mairie-montataire.fr\/ar\/wp-json\/wp\/v2\/posts\/7854\/revisions\/7858"}],"wp:featuredmedia":[{"embeddable":true,"href":"https:\/\/mairie-montataire.fr\/ar\/wp-json\/wp\/v2\/media\/7857"}],"wp:attachment":[{"href":"https:\/\/mairie-montataire.fr\/ar\/wp-json\/wp\/v2\/media?parent=7854"}],"wp:term":[{"taxonomy":"category","embeddable":true,"href":"https:\/\/mairie-montataire.fr\/ar\/wp-json\/wp\/v2\/categories?post=7854"},{"taxonomy":"post_tag","embeddable":true,"href":"https:\/\/mairie-montataire.fr\/ar\/wp-json\/wp\/v2\/tags?post=7854"}],"curies":[{"name":"\u062f\u0628\u0644\u064a\u0648 \u0628\u064a","href":"https:\/\/api.w.org\/{rel}","templated":true}]}}