{"id":7786,"date":"2026-04-07T12:45:31","date_gmt":"2026-04-07T12:45:31","guid":{"rendered":"https:\/\/mairie-montataire.fr\/?p=7786"},"modified":"2026-04-27T14:03:36","modified_gmt":"2026-04-27T14:03:36","slug":"%d9%85%d8%b3%d8%a7%d8%a8%d9%82%d8%a9-%d8%ac%d9%8a%d8%b3%d8%b1%d9%8a%d8%b3-%d9%84%d9%84%d8%b7%d8%a8%d8%a7%d8%b4%d9%8a%d8%b1","status":"publish","type":"post","link":"https:\/\/mairie-montataire.fr\/ar\/actualites\/concours-jecris-a-la-craie\/","title":{"rendered":"\u0623\u0646\u0627 \u0623\u0643\u062a\u0628 \u0628\u0627\u0644\u0637\u0628\u0627\u0634\u064a\u0631...\u00ab \u0627\u0644\u0645\u0646\u0627\u0641\u0633\u0629\u00bb"},"content":{"rendered":"<p>\u0634\u0627\u0631\u0643 \u0641\u064a \u0627\u0644\u0645\u0633\u0627\u0628\u0642\u0629\u00a0<strong><mark style=\"background-color:rgba(0, 0, 0, 0)\" class=\"has-inline-color has-secondary-500-color\">\u00ab\u0623\u0643\u062a\u0628 \u0628\u0627\u0644\u0637\u0628\u0627\u0634\u064a\u0631...\u00bb<\/mark><\/strong>\u00a0\u0648\u0623\u0637\u0644\u0642 \u0627\u0644\u0639\u0646\u0627\u0646 \u0644\u0625\u0628\u062f\u0627\u0639\u0643 \u0639\u0644\u0649 \u0623\u0631\u0635\u0641\u0629 \u0645\u0648\u0646\u062a\u0627\u062a\u064a\u0631!\u00a0<strong>\u0627\u0644\u0637\u0628\u0627\u0634\u064a\u0631<\/strong>, \u0627\u0643\u062a\u0628 \u0627\u0642\u062a\u0628\u0627\u0633\u0643 \u0627\u0644\u0645\u0641\u0636\u0644\u060c \u0623\u0648 \u0639\u0628\u0627\u0631\u0629 \u0634\u0639\u0631\u064a\u0629 \u0623\u0648 (\u0644\u0644\u0623\u0637\u0641\u0627\u0644) \u0627\u0631\u0633\u0645 \u0639\u0645\u0644\u0627\u064b \u0641\u0646\u064a\u0627\u064b \u064a\u0632\u064a\u0646 \u0634\u0648\u0627\u0631\u0639\u0646\u0627.<\/p>\n\n\n\n<p><strong><mark style=\"background-color:rgba(0, 0, 0, 0);color:#00d084\" class=\"has-inline-color\">\u062a\u0639\u064a\u0631 \u0627\u0644\u0645\u0643\u062a\u0628\u0627\u062a \u0627\u0644\u0637\u0628\u0627\u0634\u064a\u0631 \u0644\u0645\u0633\u0627\u0639\u062f\u062a\u0643 \u0641\u064a \u0627\u0628\u062a\u0643\u0627\u0631 \u0625\u0628\u062f\u0627\u0639\u0627\u062a\u0643 \u0627\u0644\u062e\u0627\u0635\u0629.<\/mark><\/strong><\/p>\n\n\n\n<ol class=\"wp-block-list\">\n<li style=\"font-style:normal;font-weight:400\">\u0635\u0648\u0651\u0631 \u0625\u0628\u062f\u0627\u0639\u0643, <\/li>\n\n\n\n<li style=\"font-style:normal;font-weight:400\">\u0627\u0637\u0628\u0639\u0647 (\u0645\u062a\u0627\u062d \u0645\u0646 \u0627\u0644\u0645\u0643\u062a\u0628\u0629), <\/li>\n\n\n\n<li style=\"font-style:normal;font-weight:400\">\u0625\u064a\u062f\u0627\u0639\u0647\u0627 \u0641\u064a \u0627\u0644\u0645\u0643\u062a\u0628\u0627\u062a <strong><mark style=\"background-color:rgba(0, 0, 0, 0);color:#cf2e2e\" class=\"has-inline-color\">\u0642\u0628\u0644 13 \u064a\u0648\u0646\u064a\u0648 2026<\/mark><\/strong>,<\/li>\n\n\n\n<li style=\"font-style:normal;font-weight:400\">\u062d\u0627\u0648\u0644 \u0623\u0646 \u062a\u0641\u0648\u0632 \u0628\u0634\u0631\u0641 \u0631\u0624\u064a\u0629 \u0639\u0645\u0644\u0643 \u064a\u0635\u0628\u062d\u00a0<strong><mark style=\"background-color:rgba(0, 0, 0, 0);color:#ff6900\" class=\"has-inline-color\">\u0625\u0634\u0627\u0631\u0629 \u0645\u0631\u062c\u0639\u064a\u0629 \u062c\u062f\u064a\u062f\u0629 \u0644\u0644\u0645\u0643\u062a\u0628\u0629<\/mark><\/strong>\u00a0\u0648\u00a0<mark style=\"background-color:rgba(0, 0, 0, 0);color:#0693e3\" class=\"has-inline-color\"><strong>\u0627\u0644\u0642\u0633\u0627\u0626\u0645 \u0625\u0644\u0649 <a href=\"https:\/\/verbeetobjet.com\/\" target=\"_blank\" rel=\"noreferrer noopener\">\u0645\u0643\u062a\u0628\u0629 \u00abLe Verbe \u00e0 l'Objet\"<\/a>\u00a0\"<\/strong><\/mark>.<\/li>\n<\/ol>\n\n\n\n<div style=\"height:45px\" aria-hidden=\"true\" class=\"wp-block-spacer\"><\/div>\n\n\n\n<p>\u0645\u0641\u062a\u0648\u062d \u0644\u0644\u062c\u0645\u064a\u0639\u060c \u0644\u0627 \u064a\u0648\u062c\u062f \u062d\u062f \u0644\u0644\u0639\u0645\u0631!\u00a0<\/p>\n\n\n\n<div style=\"height:100px\" aria-hidden=\"true\" class=\"wp-block-spacer\"><\/div>\n\n\n\n<p class=\"has-text-align-center\"><em>\u0643\u062c\u0632\u0621 \u0645\u0646 \u0645\u0647\u0631\u062c\u0627\u0646 \u0627\u0644\u0643\u062a\u0627\u0628 2026.<\/em><\/p>\n\n\n\n<div class=\"wp-block-uagb-image aligncenter uagb-block-654a2c4e wp-block-uagb-image--layout-default wp-block-uagb-image--effect-static wp-block-uagb-image--align-center\"><figure class=\"wp-block-uagb-image__figure\"><img decoding=\"async\" srcset=\"https:\/\/mairie-montataire.fr\/app\/uploads\/2026\/02\/Aff_ConcoursFDL_2026-1-724x1024.png ,https:\/\/mairie-montataire.fr\/app\/uploads\/2026\/02\/Aff_ConcoursFDL_2026-1-scaled.png 780w, https:\/\/mairie-montataire.fr\/app\/uploads\/2026\/02\/Aff_ConcoursFDL_2026-1-scaled.png 360w\" sizes=\"auto, (max-width: 480px) 150px\" src=\"https:\/\/mairie-montataire.fr\/app\/uploads\/2026\/02\/Aff_ConcoursFDL_2026-1-724x1024.png\" alt=\"\" class=\"uag-image-7784\" width=\"724\" height=\"1024\" title=\"\u0623\u0641_\u0643\u0648\u0646\u0643\u0648\u0631_\u0643\u0648\u0646\u0643\u0648\u0631\u0633_DL_2026\" loading=\"lazy\" role=\"img\"\/><\/figure><\/div>","protected":false},"excerpt":{"rendered":"<p>Participez au concours\u00a0\u00ab\u00a0J\u2019\u00e9cris \u00e0 la craie\u2026\u00a0\u00bb\u00a0et laissez libre cours \u00e0 votre cr\u00e9ativit\u00e9 sur les trottoirs de Montataire !\u00a0\u00c0 la craie, \u00e9crivez votre citation pr\u00e9f\u00e9r\u00e9e, une phrase po\u00e9tique, ou dessinez (pour les enfants) une \u0153uvre \u00e9ph\u00e9m\u00e8re qui embellira nos rues. Les biblioth\u00e8ques pr\u00eatent des craies\u00a0pour vous aider \u00e0 r\u00e9aliser votre cr\u00e9ation. Ouvert \u00e0 tous, sans limite [&hellip;]<\/p>\n","protected":false},"author":2,"featured_media":7788,"comment_status":"closed","ping_status":"closed","sticky":true,"template":"","format":"standard","meta":{"_acf_changed":false,"_uag_custom_page_level_css":"","footnotes":""},"categories":[30],"tags":[],"class_list":["post-7786","post","type-post","status-publish","format-standard","has-post-thumbnail","hentry","category-a-la-une"],"acf":[],"uagb_featured_image_src":{"full":["https:\/\/mairie-montataire.fr\/app\/uploads\/2026\/04\/Actu_ConcoursFDL.jpg",450,335,false],"thumbnail":["https:\/\/mairie-montataire.fr\/app\/uploads\/2026\/04\/Actu_ConcoursFDL-150x150.jpg",150,150,true],"medium":["https:\/\/mairie-montataire.fr\/app\/uploads\/2026\/04\/Actu_ConcoursFDL-300x223.jpg",300,223,true],"medium_large":["https:\/\/mairie-montataire.fr\/app\/uploads\/2026\/04\/Actu_ConcoursFDL.jpg",450,335,false],"large":["https:\/\/mairie-montataire.fr\/app\/uploads\/2026\/04\/Actu_ConcoursFDL.jpg",450,335,false],"1536x1536":["https:\/\/mairie-montataire.fr\/app\/uploads\/2026\/04\/Actu_ConcoursFDL.jpg",450,335,false],"2048x2048":["https:\/\/mairie-montataire.fr\/app\/uploads\/2026\/04\/Actu_ConcoursFDL.jpg",450,335,false],"trp-custom-language-flag":["https:\/\/mairie-montataire.fr\/app\/uploads\/2026\/04\/Actu_ConcoursFDL-16x12.jpg",16,12,true],"gform-image-choice-sm":["https:\/\/mairie-montataire.fr\/app\/uploads\/2026\/04\/Actu_ConcoursFDL.jpg",300,223,false],"gform-image-choice-md":["https:\/\/mairie-montataire.fr\/app\/uploads\/2026\/04\/Actu_ConcoursFDL.jpg",400,298,false],"gform-image-choice-lg":["https:\/\/mairie-montataire.fr\/app\/uploads\/2026\/04\/Actu_ConcoursFDL.jpg",450,335,false]},"uagb_author_info":{"display_name":"Laure Pubert","author_link":"https:\/\/mairie-montataire.fr\/ar\/actualites\/author\/l-pubert\/"},"uagb_comment_info":0,"uagb_excerpt":"Participez au concours\u00a0\u00ab\u00a0J\u2019\u00e9cris \u00e0 la craie\u2026\u00a0\u00bb\u00a0et laissez libre cours \u00e0 votre cr\u00e9ativit\u00e9 sur les trottoirs de Montataire !\u00a0\u00c0 la craie, \u00e9crivez votre citation pr\u00e9f\u00e9r\u00e9e, une phrase po\u00e9tique, ou dessinez (pour les enfants) une \u0153uvre \u00e9ph\u00e9m\u00e8re qui embellira nos rues. Les biblioth\u00e8ques pr\u00eatent des craies\u00a0pour vous aider \u00e0 r\u00e9aliser votre cr\u00e9ation. Ouvert \u00e0 tous, sans limite&hellip;","_links":{"self":[{"href":"https:\/\/mairie-montataire.fr\/ar\/wp-json\/wp\/v2\/posts\/7786","targetHints":{"allow":["GET"]}}],"collection":[{"href":"https:\/\/mairie-montataire.fr\/ar\/wp-json\/wp\/v2\/posts"}],"about":[{"href":"https:\/\/mairie-montataire.fr\/ar\/wp-json\/wp\/v2\/types\/post"}],"author":[{"embeddable":true,"href":"https:\/\/mairie-montataire.fr\/ar\/wp-json\/wp\/v2\/users\/2"}],"replies":[{"embeddable":true,"href":"https:\/\/mairie-montataire.fr\/ar\/wp-json\/wp\/v2\/comments?post=7786"}],"version-history":[{"count":2,"href":"https:\/\/mairie-montataire.fr\/ar\/wp-json\/wp\/v2\/posts\/7786\/revisions"}],"predecessor-version":[{"id":7789,"href":"https:\/\/mairie-montataire.fr\/ar\/wp-json\/wp\/v2\/posts\/7786\/revisions\/7789"}],"wp:featuredmedia":[{"embeddable":true,"href":"https:\/\/mairie-montataire.fr\/ar\/wp-json\/wp\/v2\/media\/7788"}],"wp:attachment":[{"href":"https:\/\/mairie-montataire.fr\/ar\/wp-json\/wp\/v2\/media?parent=7786"}],"wp:term":[{"taxonomy":"category","embeddable":true,"href":"https:\/\/mairie-montataire.fr\/ar\/wp-json\/wp\/v2\/categories?post=7786"},{"taxonomy":"post_tag","embeddable":true,"href":"https:\/\/mairie-montataire.fr\/ar\/wp-json\/wp\/v2\/tags?post=7786"}],"curies":[{"name":"\u062f\u0628\u0644\u064a\u0648 \u0628\u064a","href":"https:\/\/api.w.org\/{rel}","templated":true}]}}