{"id":7742,"date":"2026-03-27T15:28:16","date_gmt":"2026-03-27T15:28:16","guid":{"rendered":"https:\/\/mairie-montataire.fr\/?p=7742"},"modified":"2026-03-27T15:28:54","modified_gmt":"2026-03-27T15:28:54","slug":"%d8%b1%d8%a3%d9%8a%d9%83-%d9%81%d9%8a-%d8%b4%d8%a7%d8%b1%d8%b9-%d8%ac%d8%a7%d8%a8%d8%b1%d9%8a%d9%8a%d9%84-%d8%a8%d9%8a%d8%b1%d9%8a","status":"publish","type":"post","link":"https:\/\/mairie-montataire.fr\/ar\/actualites\/votre-avis-sur-lavenue-gabriel-peri\/","title":{"rendered":"\u0631\u0623\u064a\u0643 \u0641\u064a \u0634\u0627\u0631\u0639 \u063a\u0627\u0628\u0631\u064a\u064a\u0644 \u0628\u064a\u0631\u064a"},"content":{"rendered":"<p>\u0628\u062d\u0644\u0648\u0644 \u0639\u0627\u0645 2027\u060c \u062a\u0631\u063a\u0628 \u0627\u0644\u0645\u062f\u064a\u0646\u0629 \u0641\u064a \u062a\u062c\u062f\u064a\u062f \u0634\u0627\u0631\u0639 \u063a\u0627\u0628\u0631\u064a\u064a\u0644 \u0628\u064a\u0631\u064a \u0628\u0623\u0643\u0645\u0644\u0647 \u0648\u0627\u0644\u0645\u0646\u0627\u0637\u0642 \u0627\u0644\u0645\u062d\u064a\u0637\u0629 \u0628\u0647.&nbsp;<\/p>\n\n\n\n<p>\u0645\u0646 \u0623\u062c\u0644 \u062a\u0646\u0641\u064a\u0630 \u0647\u0630\u0627 \u0627\u0644\u0645\u0634\u0631\u0648\u0639 \u0648\u062a\u0643\u064a\u064a\u0641\u0647 \u0628\u0623\u0643\u0628\u0631 \u0642\u062f\u0631 \u0645\u0645\u0643\u0646 \u0645\u0639 \u0627\u062d\u062a\u064a\u0627\u062c\u0627\u062a \u0627\u0644\u0633\u0643\u0627\u0646 \u0627\u0644\u0645\u062d\u0644\u064a\u064a\u0646\u060c \u0646\u0648\u062f \u0623\u0646 \u0646\u0639\u0631\u0641 \u0631\u0623\u064a\u0643. \u0633\u064a\u062a\u064a\u062d \u0644\u0643 \u0647\u0630\u0627 \u0627\u0644\u0627\u0633\u062a\u0628\u064a\u0627\u0646 \u0627\u0644\u0630\u064a \u064a\u0633\u062a\u063a\u0631\u0642 5 \u062f\u0642\u0627\u0626\u0642 \u0645\u0634\u0627\u0631\u0643\u0629 \u0623\u0641\u0643\u0627\u0631\u0643 \u0648\u0627\u062d\u062a\u064a\u0627\u062c\u0627\u062a\u0643 \u0644\u062a\u062d\u0633\u064a\u0646 \u0627\u0644\u062d\u064a.<\/p>\n\n\n\n<div class=\"wp-block-uagb-buttons uagb-buttons__outer-wrap uagb-btn__default-btn uagb-btn-tablet__default-btn uagb-btn-mobile__default-btn uagb-block-7434ec92\"><div class=\"uagb-buttons__wrap uagb-buttons-layout-wrap\">\n<div class=\"wp-block-uagb-buttons-child uagb-buttons__outer-wrap uagb-block-05d1cb76 wp-block-button\"><div class=\"uagb-button__wrapper\"><a class=\"uagb-buttons-repeater wp-block-button__link\" aria-label=\"\" href=\"https:\/\/form.dragnsurvey.com\/survey\/r\/94d24713\" rel=\"follow noopener\" target=\"_blank\" role=\"button\"><div class=\"uagb-button__link\">\u0646\u0645\u0648\u0630\u062c: \u0631\u0623\u064a\u0643 \u0641\u064a \u0634\u0627\u0631\u0639 \u063a\u0627\u0628\u0631\u064a\u064a\u0644 \u0628\u064a\u0631\u064a<\/div><\/a><\/div><\/div>\n<\/div><\/div>\n\n\n\n<p><\/p>","protected":false},"excerpt":{"rendered":"<p>\u0641\u064a \u0639\u0627\u0645 2027\u060c \u062a\u0631\u064a\u062f \u0627\u0644\u0645\u062f\u064a\u0646\u0629 \u062a\u062c\u062f\u064a\u062f \u0634\u0627\u0631\u0639 \u063a\u0627\u0628\u0631\u064a\u064a\u0644 \u0628\u064a\u0631\u064a \u0628\u0623\u0643\u0645\u0644\u0647 \u0648\u0627\u0644\u0645\u0646\u0627\u0637\u0642 \u0627\u0644\u0645\u062d\u064a\u0637\u0629 \u0628\u0647.  \u0645\u0646 \u0623\u062c\u0644 \u062a\u0646\u0641\u064a\u0630 \u0647\u0630\u0627 \u0627\u0644\u0645\u0634\u0631\u0648\u0639 \u0648\u062a\u0643\u064a\u064a\u0641\u0647 \u0628\u0623\u0643\u0628\u0631 \u0642\u062f\u0631 \u0645\u0645\u0643\u0646 \u0645\u0639 \u0627\u062d\u062a\u064a\u0627\u062c\u0627\u062a \u0627\u0644\u0633\u0643\u0627\u0646 \u0627\u0644\u0645\u062d\u0644\u064a\u064a\u0646\u060c \u0646\u0648\u062f \u0623\u0646 \u0646\u0639\u0631\u0641 \u0631\u0623\u064a\u0643. \u0633\u064a\u0645\u0643\u0646\u0643 \u0647\u0630\u0627 \u0627\u0644\u0627\u0633\u062a\u0628\u064a\u0627\u0646 \u0627\u0644\u0630\u064a \u064a\u0633\u062a\u063a\u0631\u0642 5 \u062f\u0642\u0627\u0626\u0642 \u0645\u0646 \u0645\u0634\u0627\u0631\u0643\u0629 \u0623\u0641\u0643\u0627\u0631\u0643 \u0648\u0627\u062d\u062a\u064a\u0627\u062c\u0627\u062a\u0643 \u0644\u062a\u062d\u0633\u064a\u0646 \u0627\u0644\u062d\u064a.<\/p>","protected":false},"author":2,"featured_media":7743,"comment_status":"closed","ping_status":"closed","sticky":true,"template":"","format":"standard","meta":{"_acf_changed":false,"_uag_custom_page_level_css":"","footnotes":""},"categories":[1],"tags":[],"class_list":["post-7742","post","type-post","status-publish","format-standard","has-post-thumbnail","hentry","category-information"],"acf":[],"uagb_featured_image_src":{"full":["https:\/\/mairie-montataire.fr\/app\/uploads\/2026\/03\/Actu_FormulairePeri.jpg",450,335,false],"thumbnail":["https:\/\/mairie-montataire.fr\/app\/uploads\/2026\/03\/Actu_FormulairePeri-150x150.jpg",150,150,true],"medium":["https:\/\/mairie-montataire.fr\/app\/uploads\/2026\/03\/Actu_FormulairePeri-300x223.jpg",300,223,true],"medium_large":["https:\/\/mairie-montataire.fr\/app\/uploads\/2026\/03\/Actu_FormulairePeri.jpg",450,335,false],"large":["https:\/\/mairie-montataire.fr\/app\/uploads\/2026\/03\/Actu_FormulairePeri.jpg",450,335,false],"1536x1536":["https:\/\/mairie-montataire.fr\/app\/uploads\/2026\/03\/Actu_FormulairePeri.jpg",450,335,false],"2048x2048":["https:\/\/mairie-montataire.fr\/app\/uploads\/2026\/03\/Actu_FormulairePeri.jpg",450,335,false],"trp-custom-language-flag":["https:\/\/mairie-montataire.fr\/app\/uploads\/2026\/03\/Actu_FormulairePeri-16x12.jpg",16,12,true],"gform-image-choice-sm":["https:\/\/mairie-montataire.fr\/app\/uploads\/2026\/03\/Actu_FormulairePeri.jpg",300,223,false],"gform-image-choice-md":["https:\/\/mairie-montataire.fr\/app\/uploads\/2026\/03\/Actu_FormulairePeri.jpg",400,298,false],"gform-image-choice-lg":["https:\/\/mairie-montataire.fr\/app\/uploads\/2026\/03\/Actu_FormulairePeri.jpg",450,335,false]},"uagb_author_info":{"display_name":"Laure Pubert","author_link":"https:\/\/mairie-montataire.fr\/ar\/actualites\/author\/l-pubert\/"},"uagb_comment_info":0,"uagb_excerpt":"En 2027, la ville souhaite r\u00e9nover toute l\u2019avenue Gabriel P\u00e9ri et ses abords.&nbsp; Pour r\u00e9aliser ce projet et l\u2019adapter au mieux aux besoins des habitantes et des habitants, nous souhaitons conna\u00eetre votre avis. Ce questionnaire&nbsp;rempli en 5 minutes&nbsp;vous permet de partager vos id\u00e9es et vos besoins pour am\u00e9liorer le quartier.","_links":{"self":[{"href":"https:\/\/mairie-montataire.fr\/ar\/wp-json\/wp\/v2\/posts\/7742","targetHints":{"allow":["GET"]}}],"collection":[{"href":"https:\/\/mairie-montataire.fr\/ar\/wp-json\/wp\/v2\/posts"}],"about":[{"href":"https:\/\/mairie-montataire.fr\/ar\/wp-json\/wp\/v2\/types\/post"}],"author":[{"embeddable":true,"href":"https:\/\/mairie-montataire.fr\/ar\/wp-json\/wp\/v2\/users\/2"}],"replies":[{"embeddable":true,"href":"https:\/\/mairie-montataire.fr\/ar\/wp-json\/wp\/v2\/comments?post=7742"}],"version-history":[{"count":1,"href":"https:\/\/mairie-montataire.fr\/ar\/wp-json\/wp\/v2\/posts\/7742\/revisions"}],"predecessor-version":[{"id":7744,"href":"https:\/\/mairie-montataire.fr\/ar\/wp-json\/wp\/v2\/posts\/7742\/revisions\/7744"}],"wp:featuredmedia":[{"embeddable":true,"href":"https:\/\/mairie-montataire.fr\/ar\/wp-json\/wp\/v2\/media\/7743"}],"wp:attachment":[{"href":"https:\/\/mairie-montataire.fr\/ar\/wp-json\/wp\/v2\/media?parent=7742"}],"wp:term":[{"taxonomy":"category","embeddable":true,"href":"https:\/\/mairie-montataire.fr\/ar\/wp-json\/wp\/v2\/categories?post=7742"},{"taxonomy":"post_tag","embeddable":true,"href":"https:\/\/mairie-montataire.fr\/ar\/wp-json\/wp\/v2\/tags?post=7742"}],"curies":[{"name":"\u062f\u0628\u0644\u064a\u0648 \u0628\u064a","href":"https:\/\/api.w.org\/{rel}","templated":true}]}}