{"id":7704,"date":"2026-03-19T14:39:30","date_gmt":"2026-03-19T14:39:30","guid":{"rendered":"https:\/\/mairie-montataire.fr\/?p=7704"},"modified":"2026-03-27T15:13:35","modified_gmt":"2026-03-27T15:13:35","slug":"%d8%a8%d8%af%d8%a1-%d9%85%d8%b1%d8%ad%d9%84%d8%a9-%d8%ac%d8%af%d9%8a%d8%af%d8%a9-%d9%85%d9%86-%d8%a7%d9%84%d8%a3%d8%b9%d9%85%d8%a7%d9%84-%d9%81%d9%8a-%d9%85%d8%a7%d8%b1%d8%aa%d9%8a%d9%86%d9%8a%d8%aa","status":"publish","type":"post","link":"https:\/\/mairie-montataire.fr\/ar\/actualites\/une-nouvelle-phase-de-travaux-debute-aux-martinets\/","title":{"rendered":"\u0628\u062f\u0621 \u0645\u0631\u062d\u0644\u0629 \u062c\u062f\u064a\u062f\u0629 \u0645\u0646 \u0627\u0644\u0623\u0639\u0645\u0627\u0644 \u0641\u064a \u0644\u064a\u0647 \u0645\u0627\u0631\u062a\u064a\u0646\u064a\u0647"},"content":{"rendered":"<p>\u0628\u062f\u0621\u0627\u064b \u0645\u0646 \u0634\u0647\u0631 \u0645\u0627\u0631\u0633, <strong>\u062a\u0645 \u0625\u0637\u0644\u0627\u0642 \u0627\u0644\u0645\u0631\u062d\u0644\u0629 \u0627\u0644\u062b\u0627\u0646\u064a\u0629 \u0645\u0646 \u0645\u0634\u0631\u0648\u0639 \u0627\u0644\u062a\u062c\u062f\u064a\u062f \u0627\u0644\u062d\u0636\u0631\u064a.<\/strong><\/p>\n\n\n\n<p>\u0628\u062f\u0623 \u0627\u0644\u0639\u0645\u0644 \u0639\u0644\u0649 \u0637\u0648\u0644 \u0634\u0627\u0631\u0639 \u063a\u0627\u0628\u0631\u064a\u064a\u0644 \u0628\u064a\u0631\u064a \u0648\u062d\u062a\u0649 \u0633\u0627\u062d\u0629 \u0641\u0631\u0646\u0627\u0646\u062f \u062a\u0648\u064a\u0644. \u0623\u0633\u0641\u0644 \u0627\u0644\u0633\u0627\u062d\u0629\u060c \u0633\u064a\u062a\u0645 \u0625\u0646\u0634\u0627\u0621 \u0645\u0646\u0637\u0642\u0629 \u0645\u062e\u0635\u0635\u0629 \u0644\u0644\u0623\u0637\u0641\u0627\u0644 \u0627\u0644\u0635\u063a\u0627\u0631. \u0643\u0645\u0627 \u0633\u064a\u062a\u0645 \u062a\u062d\u062f\u064a\u062b \u0648\u0635\u0644\u0627\u062a \u0627\u0644\u0645\u0634\u0627\u0629\u060c \u0628\u0645\u0627 \u0641\u064a \u0630\u0644\u0643 \u0627\u0644\u0633\u0644\u0627\u0644\u0645 \u0627\u0644\u062a\u064a \u062a\u0631\u0628\u0637 \u0634\u0627\u0631\u0639 \u063a\u0627\u0628\u0631\u064a\u064a\u0644 \u0628\u064a\u0631\u064a \u0628\u0627\u0644\u0645\u062f\u0631\u0633\u0629 \u062c\u0627\u0643 \u062f\u064a\u0643\u0648\u0631.<\/p>\n\n\n\n<p>\u0633\u064a\u062a\u0645 \u0625\u0646\u0634\u0627\u0621 \u0645\u0645\u0631 \u062c\u062f\u064a\u062f \u0644\u064a\u062d\u0644 \u0645\u062d\u0644 \u0627\u0644\u0645\u0645\u0631 \u0627\u0644\u062d\u0627\u0644\u064a \u0628\u064a\u0646 \u0634\u0627\u0631\u0639 \u063a\u0627\u0628\u0631\u064a\u064a\u0644 \u0628\u064a\u0631\u064a \u0648\u0645\u0644\u0639\u0628 \u0627\u0644\u0645\u062f\u064a\u0646\u0629\u060c \u0645\u0639 \u0627\u0644\u0645\u0632\u064a\u062f \u0645\u0646 \u0627\u0644\u0623\u0634\u062c\u0627\u0631 \u0648\u062a\u0633\u0647\u064a\u0644 \u0648\u0635\u0648\u0644 \u0627\u0644\u0643\u0631\u0627\u0633\u064a \u0627\u0644\u0645\u062a\u062d\u0631\u0643\u0629 \u0648\u0627\u0644\u0623\u0634\u062e\u0627\u0635 \u0630\u0648\u064a \u0627\u0644\u0627\u062d\u062a\u064a\u0627\u062c\u0627\u062a \u0627\u0644\u062e\u0627\u0635\u0629.<\/p>\n\n\n\n<p>\u0633\u064a\u062a\u0645 \u062a\u0646\u0641\u064a\u0630 \u0627\u0644\u0639\u0645\u0644 \u0639\u0644\u0649 \u0645\u0631\u0627\u062d\u0644. <strong>\u0644\u0646 \u062a\u062a\u0639\u0637\u0644 \u062d\u0631\u0643\u0629 \u0627\u0644\u0645\u0631\u0648\u0631.<\/strong> \u0633\u064a\u062a\u0645 \u0627\u0644\u0627\u0633\u062a\u064a\u0644\u0627\u0621 \u0639\u0644\u0649 \u0623\u0645\u0627\u0643\u0646 \u0648\u0642\u0648\u0641 \u0627\u0644\u0633\u064a\u0627\u0631\u0627\u062a \u062a\u062f\u0631\u064a\u062c\u064a\u0627\u064b. \u0633\u062a\u0648\u0641\u0631 \u0627\u0644\u0644\u0627\u0641\u062a\u0627\u062a \u062a\u062f\u0631\u064a\u062c\u064a\u0627\u064b \u0645\u0639\u0644\u0648\u0645\u0627\u062a \u0644\u0644\u0633\u0643\u0627\u0646 \u0627\u0644\u0645\u062d\u0644\u064a\u064a\u0646.<\/p>\n\n\n\n<div style=\"height:50px\" aria-hidden=\"true\" class=\"wp-block-spacer\"><\/div>\n\n\n\n<div class=\"wp-block-uagb-call-to-action uagb-block-3cbc6f74 wp-block-button\"><div class=\"uagb-cta__wrap\"><h3 class=\"uagb-cta__title\">\u0648\u0641\u064a \u0627\u0644\u0648\u0642\u062a \u0646\u0641\u0633\u0647\u060c \u062a\u062a\u0648\u0627\u0635\u0644 \u0627\u0644\u0645\u0634\u0627\u0648\u0631\u0627\u062a \u0628\u0634\u0623\u0646 \u0627\u0644\u0645\u0631\u062d\u0644\u0629 \u0627\u0644\u062a\u0627\u0644\u064a\u0629 \u0645\u0646 \u062a\u062c\u062f\u064a\u062f \u0627\u0644\u0645\u0646\u0637\u0642\u0629.<\/h3><p class=\"uagb-cta__desc\">\u0647\u0646\u0627\u0643 \u0637\u0631\u064a\u0642\u062a\u0627\u0646 \u0644\u0644\u0642\u064a\u0627\u0645 \u0628\u0630\u0644\u0643:<br><strong><mark style=\"background-color:rgba(0, 0, 0, 0)\" class=\"has-inline-color has-secondary-700-color\">\/\/<\/mark><\/strong> \u0627\u0645\u0644\u0623 \u0627\u0644\u0627\u0633\u062a\u0628\u064a\u0627\u0646\u00ab\u00a0<strong>\u0631\u0623\u064a\u0643 \u0641\u064a \u0634\u0627\u0631\u0639 \u063a\u0627\u0628\u0631\u064a\u064a\u0644 \u0628\u064a\u0631\u064a<\/strong>\u00a0\u00bb\u0627\u0646\u0642\u0631 \u0639\u0644\u0649 \u0627\u0644\u0632\u0631 \u0627\u0644\u0645\u0648\u062c\u0648\u062f \u0639\u0644\u0649 \u0627\u0644\u064a\u0645\u064a\u0646.<br><strong><mark style=\"background-color:rgba(0, 0, 0, 0)\" class=\"has-inline-color has-secondary-700-color\">\/\/<\/mark><\/strong> \u062d\u0636\u0648\u0631 \u0627\u0644\u0627\u062c\u062a\u0645\u0627\u0639 \u0627\u0644\u062a\u0634\u0627\u0648\u0631\u064a \u0627\u0644\u0645\u0642\u0631\u0631 \u0639\u0642\u062f\u0647 \u0641\u064a <strong>20 \u0645\u0627\u064a\u0648 \u0645\u0646 \u0627\u0644\u0633\u0627\u0639\u0629 4 \u0639\u0635\u0631\u0627\u064b \u0628\u064a\u0646 29 \u064831 \u0645\u0627\u064a\u0648 \u0645\u0646 \u0627\u0644\u0633\u0627\u0639\u0629 4 \u0645\u0633\u0627\u0621\u064b<br>\u063a\u0627\u0628\u0631\u064a\u064a\u0644 \u0628\u064a\u0631\u064a<\/strong> !<\/p><\/div><div class=\"uagb-cta__buttons\"><a href=\"https:\/\/form.dragnsurvey.com\/survey\/r\/94d24713\" class=\"uagb-cta__button-link-wrapper wp-block-button__link\" target=\"_blank\" rel=\"noopener noreferrer\">\u0623\u062f\u0644\u064a \u0628\u0631\u0623\u064a\u0643 <br>\u0641\u064a \u0634\u0627\u0631\u0639 \u063a\u0627\u0628\u0631\u064a\u064a\u0644 \u0628\u064a\u0631\u064a<svg xmlns=\"https:\/\/www.w3.org\/2000\/svg\" viewbox=\"0 0 512 512\"><path d=\"M504.3 273.6l-112.1 104c-6.992 6.484-17.18 8.218-25.94 4.406c-8.758-3.812-14.42-12.45-14.42-21.1L351.9 288H32C14.33 288 .0002 273.7 .0002 255.1S14.33 224 32 224h319.9l0-72c0-9.547 5.66-18.19 14.42-22c8.754-3.809 18.95-2.075 25.94 4.41l112.1 104C514.6 247.9 514.6 264.1 504.3 273.6z\"><\/path><\/svg><\/a><\/div><\/div>\n\n\n\n<div style=\"height:51px\" aria-hidden=\"true\" class=\"wp-block-spacer\"><\/div>\n\n\n\n<div class=\"wp-block-columns is-layout-flex wp-container-core-columns-is-layout-9d6595d7 wp-block-columns-is-layout-flex\">\n<div class=\"wp-block-column is-layout-flow wp-block-column-is-layout-flow\">\n<div class=\"wp-block-uagb-image uagb-block-52604e2f wp-block-uagb-image--layout-default wp-block-uagb-image--effect-static wp-block-uagb-image--align-none\"><figure class=\"wp-block-uagb-image__figure\"><img decoding=\"async\" srcset=\"https:\/\/mairie-montataire.fr\/app\/uploads\/2026\/03\/photo-cheminements-2.jpg ,https:\/\/mairie-montataire.fr\/app\/uploads\/2026\/03\/photo-cheminements-2.jpg 780w, https:\/\/mairie-montataire.fr\/app\/uploads\/2026\/03\/photo-cheminements-2.jpg 360w\" sizes=\"auto, (max-width: 480px) 150px\" src=\"https:\/\/mairie-montataire.fr\/app\/uploads\/2026\/03\/photo-cheminements-2.jpg\" alt=\"\" class=\"uag-image-7707\" width=\"623\" height=\"305\" title=\"\u0645\u0633\u0627\u0631\u0627\u062a \u0627\u0644\u0635\u0648\u0631 2\" loading=\"lazy\" role=\"img\"\/><\/figure><\/div>\n<\/div>\n\n\n\n<div class=\"wp-block-column is-layout-flow wp-block-column-is-layout-flow\">\n<div class=\"wp-block-uagb-image uagb-block-82def65d wp-block-uagb-image--layout-default wp-block-uagb-image--effect-static wp-block-uagb-image--align-none\"><figure class=\"wp-block-uagb-image__figure\"><img decoding=\"async\" srcset=\"https:\/\/mairie-montataire.fr\/app\/uploads\/2026\/03\/cheminement-PMR-23sept25.jpg ,https:\/\/mairie-montataire.fr\/app\/uploads\/2026\/03\/cheminement-PMR-23sept25.jpg 780w, https:\/\/mairie-montataire.fr\/app\/uploads\/2026\/03\/cheminement-PMR-23sept25.jpg 360w\" sizes=\"auto, (max-width: 480px) 150px\" src=\"https:\/\/mairie-montataire.fr\/app\/uploads\/2026\/03\/cheminement-PMR-23sept25.jpg\" alt=\"\" class=\"uag-image-7706\" width=\"623\" height=\"305\" title=\"\u0645\u0633\u0627\u0631 PMR 23\u0633\u0628\u062a\u0645\u0628\u0631 25\" loading=\"lazy\" role=\"img\"\/><\/figure><\/div>\n<\/div>\n<\/div>\n\n\n\n<p class=\"has-text-align-center\"><em>\u0627\u0639\u062a\u0645\u0627\u062f\u0627\u062a \u0627\u0644\u0635\u0648\u0631\u0629: \u00a9SLG Paysage<\/em><\/p>\n\n\n\n<div style=\"height:51px\" aria-hidden=\"true\" class=\"wp-block-spacer\"><\/div>\n\n\n\n<p><a href=\"https:\/\/mairie-montataire.fr\/ar\/%d8%a7%d8%ad%d8%b5%d9%84-%d8%b9%d9%84%d9%89-%d9%85%d8%b9%d9%84%d9%88%d9%85%d8%a7%d8%aa\/%d8%aa%d9%85%d9%88%d9%8a%d9%84-%d9%85%d8%b4%d8%a7%d8%b1%d9%8a%d8%b9-%d8%a7%d9%84%d9%85%d8%af%d9%8a%d9%86%d8%a9-%d8%a7%d9%84%d9%85%d8%a7%d9%84%d9%8a%d8%a9\/%d8%a8%d8%b1%d9%86%d8%a7%d9%85%d8%ac-%d8%a7%d9%84%d8%aa%d8%ac%d8%af%d9%8a%d8%af-%d8%a7%d9%84%d8%ad%d8%b6%d8%b1%d9%8a-%d8%a7%d9%84%d9%88%d8%b7%d9%86%d9%8a-%d8%a7%d9%84%d8%ac%d8%af%d9%8a%d8%af-npnro\/\">\u0644\u0645\u0639\u0631\u0641\u0629 \u0627\u0644\u0645\u0632\u064a\u062f \u0639\u0646 \u0627\u0644\u062c\u062f\u0648\u0644 \u0627\u0644\u0632\u0645\u0646\u064a \u0644\u0644\u0645\u0634\u0631\u0648\u0639 \u0648\u0628\u0631\u0646\u0627\u0645\u062c\u0647\u060c \u0627\u0646\u062a\u0642\u0644 \u0625\u0644\u0649 \u0635\u0641\u062d\u0629 \u0627\u0644\u0645\u0634\u0631\u0648\u0639.\u00ab\u00a0<em>\u0628\u0631\u0646\u0627\u0645\u062c \u0627\u0644\u062a\u062c\u062f\u064a\u062f \u0627\u0644\u062d\u0636\u0631\u064a \u0627\u0644\u0648\u0637\u0646\u064a \u0627\u0644\u062c\u062f\u064a\u062f (NPNRU)<\/em>\u00ab\u00a0.<\/a><\/p>\n\n\n\n<p><\/p>","protected":false},"excerpt":{"rendered":"<p>\u00c0 partir du mois de mars, la phase deux du projet de renouvellement urbain est lanc\u00e9e. Les travaux le long de l\u2019avenue Gabriel p\u00e9ri et jusque l\u2019esplanade Fernand Tuil commencent. En contrebas de l\u2019esplanade, un espace d\u00e9di\u00e9 aux jeunes enfants verra le jour. Les liaisons pi\u00e9tonnes dont les escaliers reliant l\u2019avenue Gabriel P\u00e9ri \u00e0 l\u2019\u00e9cole [&hellip;]<\/p>\n","protected":false},"author":2,"featured_media":7712,"comment_status":"closed","ping_status":"closed","sticky":false,"template":"","format":"standard","meta":{"_acf_changed":false,"_uag_custom_page_level_css":"","footnotes":""},"categories":[1],"tags":[],"class_list":["post-7704","post","type-post","status-publish","format-standard","has-post-thumbnail","hentry","category-information"],"acf":[],"uagb_featured_image_src":{"full":["https:\/\/mairie-montataire.fr\/app\/uploads\/2026\/03\/Actu_Phase2PRUformulaire.jpg",450,335,false],"thumbnail":["https:\/\/mairie-montataire.fr\/app\/uploads\/2026\/03\/Actu_Phase2PRUformulaire-150x150.jpg",150,150,true],"medium":["https:\/\/mairie-montataire.fr\/app\/uploads\/2026\/03\/Actu_Phase2PRUformulaire-300x223.jpg",300,223,true],"medium_large":["https:\/\/mairie-montataire.fr\/app\/uploads\/2026\/03\/Actu_Phase2PRUformulaire.jpg",450,335,false],"large":["https:\/\/mairie-montataire.fr\/app\/uploads\/2026\/03\/Actu_Phase2PRUformulaire.jpg",450,335,false],"1536x1536":["https:\/\/mairie-montataire.fr\/app\/uploads\/2026\/03\/Actu_Phase2PRUformulaire.jpg",450,335,false],"2048x2048":["https:\/\/mairie-montataire.fr\/app\/uploads\/2026\/03\/Actu_Phase2PRUformulaire.jpg",450,335,false],"trp-custom-language-flag":["https:\/\/mairie-montataire.fr\/app\/uploads\/2026\/03\/Actu_Phase2PRUformulaire-16x12.jpg",16,12,true],"gform-image-choice-sm":["https:\/\/mairie-montataire.fr\/app\/uploads\/2026\/03\/Actu_Phase2PRUformulaire.jpg",300,223,false],"gform-image-choice-md":["https:\/\/mairie-montataire.fr\/app\/uploads\/2026\/03\/Actu_Phase2PRUformulaire.jpg",400,298,false],"gform-image-choice-lg":["https:\/\/mairie-montataire.fr\/app\/uploads\/2026\/03\/Actu_Phase2PRUformulaire.jpg",450,335,false]},"uagb_author_info":{"display_name":"Laure Pubert","author_link":"https:\/\/mairie-montataire.fr\/ar\/actualites\/author\/l-pubert\/"},"uagb_comment_info":0,"uagb_excerpt":"\u00c0 partir du mois de mars, la phase deux du projet de renouvellement urbain est lanc\u00e9e. Les travaux le long de l\u2019avenue Gabriel p\u00e9ri et jusque l\u2019esplanade Fernand Tuil commencent. En contrebas de l\u2019esplanade, un espace d\u00e9di\u00e9 aux jeunes enfants verra le jour. Les liaisons pi\u00e9tonnes dont les escaliers reliant l\u2019avenue Gabriel P\u00e9ri \u00e0 l\u2019\u00e9cole&hellip;","_links":{"self":[{"href":"https:\/\/mairie-montataire.fr\/ar\/wp-json\/wp\/v2\/posts\/7704","targetHints":{"allow":["GET"]}}],"collection":[{"href":"https:\/\/mairie-montataire.fr\/ar\/wp-json\/wp\/v2\/posts"}],"about":[{"href":"https:\/\/mairie-montataire.fr\/ar\/wp-json\/wp\/v2\/types\/post"}],"author":[{"embeddable":true,"href":"https:\/\/mairie-montataire.fr\/ar\/wp-json\/wp\/v2\/users\/2"}],"replies":[{"embeddable":true,"href":"https:\/\/mairie-montataire.fr\/ar\/wp-json\/wp\/v2\/comments?post=7704"}],"version-history":[{"count":5,"href":"https:\/\/mairie-montataire.fr\/ar\/wp-json\/wp\/v2\/posts\/7704\/revisions"}],"predecessor-version":[{"id":7741,"href":"https:\/\/mairie-montataire.fr\/ar\/wp-json\/wp\/v2\/posts\/7704\/revisions\/7741"}],"wp:featuredmedia":[{"embeddable":true,"href":"https:\/\/mairie-montataire.fr\/ar\/wp-json\/wp\/v2\/media\/7712"}],"wp:attachment":[{"href":"https:\/\/mairie-montataire.fr\/ar\/wp-json\/wp\/v2\/media?parent=7704"}],"wp:term":[{"taxonomy":"category","embeddable":true,"href":"https:\/\/mairie-montataire.fr\/ar\/wp-json\/wp\/v2\/categories?post=7704"},{"taxonomy":"post_tag","embeddable":true,"href":"https:\/\/mairie-montataire.fr\/ar\/wp-json\/wp\/v2\/tags?post=7704"}],"curies":[{"name":"\u062f\u0628\u0644\u064a\u0648 \u0628\u064a","href":"https:\/\/api.w.org\/{rel}","templated":true}]}}