{"id":7665,"date":"2026-03-15T19:21:08","date_gmt":"2026-03-15T19:21:08","guid":{"rendered":"https:\/\/mairie-montataire.fr\/?p=7665"},"modified":"2026-04-01T13:58:53","modified_gmt":"2026-04-01T13:58:53","slug":"%d9%86%d8%aa%d8%a7%d8%a6%d8%ac-%d8%a7%d9%84%d8%a7%d9%86%d8%aa%d8%ae%d8%a7%d8%a8%d8%a7%d8%aa-%d8%a7%d9%84%d8%a8%d9%84%d8%af%d9%8a%d8%a9","status":"publish","type":"post","link":"https:\/\/mairie-montataire.fr\/ar\/actualites\/resultats-des-elections-municipales\/","title":{"rendered":"\u0646\u062a\u0627\u0626\u062c \u0627\u0644\u0627\u0646\u062a\u062e\u0627\u0628\u0627\u062a \u0627\u0644\u0628\u0644\u062f\u064a\u0629"},"content":{"rendered":"<p>\u0623\u064f\u062c\u0631\u064a\u062a \u0627\u0644\u0627\u0646\u062a\u062e\u0627\u0628\u0627\u062a \u0627\u0644\u0628\u0644\u062f\u064a\u0629 \u064a\u0648\u0645 \u0627\u0644\u0623\u062d\u062f 15 \u0645\u0627\u0631\u0633 2026.<\/p>\n\n\n\n<p>\u0627\u0644\u062d\u0635\u0629: 38.071.07%<\/p>\n\n\n\n<p>\u0634\u0643\u0631\u0627\u064b \u062c\u0632\u064a\u0644\u0627\u064b \u0644\u062c\u0645\u064a\u0639 \u0627\u0644\u0630\u064a\u0646 \u0639\u0645\u0644\u0648\u0627 \u0628\u062c\u062f \u064a\u0648\u0645 \u0627\u0644\u0623\u062d\u062f \u0644\u0636\u0645\u0627\u0646 \u0633\u064a\u0631 \u0627\u0644\u0627\u0642\u062a\u0631\u0627\u0639 \u0628\u0633\u0644\u0627\u0633\u0629.<\/p>\n\n\n\n<h2 class=\"wp-block-heading\">\u0627\u0644\u0646\u062a\u0627\u0626\u062c<\/h2>\n\n\n\n<div class=\"wp-block-uagb-image uagb-block-769e72d0 wp-block-uagb-image--layout-default wp-block-uagb-image--effect-static wp-block-uagb-image--align-none\"><figure class=\"wp-block-uagb-image__figure\"><img decoding=\"async\" srcset=\"https:\/\/mairie-montataire.fr\/app\/uploads\/2026\/03\/RESULTATS-MUNICIPALES-2026-1ER-TOUR-1024x721.png ,https:\/\/mairie-montataire.fr\/app\/uploads\/2026\/03\/RESULTATS-MUNICIPALES-2026-1ER-TOUR-scaled.png 780w, https:\/\/mairie-montataire.fr\/app\/uploads\/2026\/03\/RESULTATS-MUNICIPALES-2026-1ER-TOUR-scaled.png 360w\" sizes=\"auto, (max-width: 480px) 150px\" src=\"https:\/\/mairie-montataire.fr\/app\/uploads\/2026\/03\/RESULTATS-MUNICIPALES-2026-1ER-TOUR-1024x721.png\" alt=\"\" class=\"uag-image-7675\" width=\"1024\" height=\"721\" title=\"\u0646\u062a\u0627\u0626\u062c \u0627\u0644\u0628\u0644\u062f\u064a\u0629 2026 \u0627\u0644\u062c\u0648\u0644\u0629 \u0627\u0644\u0623\u0648\u0644\u0649 2026\" loading=\"lazy\" role=\"img\"\/><\/figure><\/div>\n\n\n\n<p>\u0641\u0627\u0632\u062a \u0642\u0627\u0626\u0645\u0629 Citoyen.ne.s rassembl\u00e9.e.s pour Montataire \u0628\u0642\u064a\u0627\u062f\u0629 \u0628\u0648\u0633\u064a\u0646\u0648 \u062c\u0627\u0646 \u0628\u064a\u064a\u0631 \u0628\u0640 77.59% \u0645\u0646 \u0627\u0644\u0623\u0635\u0648\u0627\u062a.<\/p>\n\n\n\n<p><\/p>","protected":false},"excerpt":{"rendered":"<p>\u062c\u0631\u062a \u0627\u0644\u0627\u0646\u062a\u062e\u0627\u0628\u0627\u062a \u0627\u0644\u0628\u0644\u062f\u064a\u0629 \u064a\u0648\u0645 \u0627\u0644\u0623\u062d\u062f 15 \u0645\u0627\u0631\u0633 2026. \u0628\u0644\u063a\u062a \u0646\u0633\u0628\u0629 \u0627\u0644\u0645\u0634\u0627\u0631\u0643\u0629: 38.071.07% \u0634\u0643\u0631\u0627\u064b \u062c\u0632\u064a\u0644\u0627\u064b \u0644\u0643\u0644 \u0645\u0646 \u0634\u0627\u0631\u0643 \u0641\u064a \u0627\u0644\u0627\u0646\u062a\u062e\u0627\u0628\u0627\u062a \u064a\u0648\u0645 \u0627\u0644\u0623\u062d\u062f. \u0627\u0644\u0646\u062a\u0627\u0626\u062c \u0641\u0627\u0632\u062a \u0642\u0627\u0626\u0645\u0629 Citoyen.ne.s rassembl\u00e9.e.s pour Montataire \u0628\u0642\u064a\u0627\u062f\u0629 \u0628\u0648\u0633\u064a\u0646\u0648 \u062c\u0627\u0646 \u0628\u064a\u064a\u0631 \u0628 77.59% \u0645\u0646 \u0627\u0644\u0623\u0635\u0648\u0627\u062a.<\/p>","protected":false},"author":2,"featured_media":7666,"comment_status":"closed","ping_status":"closed","sticky":false,"template":"","format":"standard","meta":{"_acf_changed":false,"_uag_custom_page_level_css":"","footnotes":""},"categories":[1],"tags":[],"class_list":["post-7665","post","type-post","status-publish","format-standard","has-post-thumbnail","hentry","category-information"],"acf":[],"uagb_featured_image_src":{"full":["https:\/\/mairie-montataire.fr\/app\/uploads\/2026\/03\/Actu_resultatselectionsmunicipales.jpg",450,335,false],"thumbnail":["https:\/\/mairie-montataire.fr\/app\/uploads\/2026\/03\/Actu_resultatselectionsmunicipales-150x150.jpg",150,150,true],"medium":["https:\/\/mairie-montataire.fr\/app\/uploads\/2026\/03\/Actu_resultatselectionsmunicipales-300x223.jpg",300,223,true],"medium_large":["https:\/\/mairie-montataire.fr\/app\/uploads\/2026\/03\/Actu_resultatselectionsmunicipales.jpg",450,335,false],"large":["https:\/\/mairie-montataire.fr\/app\/uploads\/2026\/03\/Actu_resultatselectionsmunicipales.jpg",450,335,false],"1536x1536":["https:\/\/mairie-montataire.fr\/app\/uploads\/2026\/03\/Actu_resultatselectionsmunicipales.jpg",450,335,false],"2048x2048":["https:\/\/mairie-montataire.fr\/app\/uploads\/2026\/03\/Actu_resultatselectionsmunicipales.jpg",450,335,false],"trp-custom-language-flag":["https:\/\/mairie-montataire.fr\/app\/uploads\/2026\/03\/Actu_resultatselectionsmunicipales-16x12.jpg",16,12,true],"gform-image-choice-sm":["https:\/\/mairie-montataire.fr\/app\/uploads\/2026\/03\/Actu_resultatselectionsmunicipales.jpg",300,223,false],"gform-image-choice-md":["https:\/\/mairie-montataire.fr\/app\/uploads\/2026\/03\/Actu_resultatselectionsmunicipales.jpg",400,298,false],"gform-image-choice-lg":["https:\/\/mairie-montataire.fr\/app\/uploads\/2026\/03\/Actu_resultatselectionsmunicipales.jpg",450,335,false]},"uagb_author_info":{"display_name":"Laure Pubert","author_link":"https:\/\/mairie-montataire.fr\/ar\/actualites\/author\/l-pubert\/"},"uagb_comment_info":0,"uagb_excerpt":"Les \u00e9lections municipales se sont d\u00e9roul\u00e9es ce dimanche 15 mars 2026. Participation : 38,07% Un grand merci \u00e0 toutes les personnes mobilis\u00e9es ce dimanche pour la bonne tenue du scrutin. R\u00e9sultats La liste Citoyen.ne.s rassembl\u00e9.e.s pour Montataire men\u00e9e par BOSINO Jean-Pierre l&#8217;emporte avec 77,59% des suffrages.","_links":{"self":[{"href":"https:\/\/mairie-montataire.fr\/ar\/wp-json\/wp\/v2\/posts\/7665","targetHints":{"allow":["GET"]}}],"collection":[{"href":"https:\/\/mairie-montataire.fr\/ar\/wp-json\/wp\/v2\/posts"}],"about":[{"href":"https:\/\/mairie-montataire.fr\/ar\/wp-json\/wp\/v2\/types\/post"}],"author":[{"embeddable":true,"href":"https:\/\/mairie-montataire.fr\/ar\/wp-json\/wp\/v2\/users\/2"}],"replies":[{"embeddable":true,"href":"https:\/\/mairie-montataire.fr\/ar\/wp-json\/wp\/v2\/comments?post=7665"}],"version-history":[{"count":4,"href":"https:\/\/mairie-montataire.fr\/ar\/wp-json\/wp\/v2\/posts\/7665\/revisions"}],"predecessor-version":[{"id":7676,"href":"https:\/\/mairie-montataire.fr\/ar\/wp-json\/wp\/v2\/posts\/7665\/revisions\/7676"}],"wp:featuredmedia":[{"embeddable":true,"href":"https:\/\/mairie-montataire.fr\/ar\/wp-json\/wp\/v2\/media\/7666"}],"wp:attachment":[{"href":"https:\/\/mairie-montataire.fr\/ar\/wp-json\/wp\/v2\/media?parent=7665"}],"wp:term":[{"taxonomy":"category","embeddable":true,"href":"https:\/\/mairie-montataire.fr\/ar\/wp-json\/wp\/v2\/categories?post=7665"},{"taxonomy":"post_tag","embeddable":true,"href":"https:\/\/mairie-montataire.fr\/ar\/wp-json\/wp\/v2\/tags?post=7665"}],"curies":[{"name":"\u062f\u0628\u0644\u064a\u0648 \u0628\u064a","href":"https:\/\/api.w.org\/{rel}","templated":true}]}}